{"id":293026,"date":"2024-12-12T17:28:02","date_gmt":"2024-12-12T16:28:02","guid":{"rendered":"https:\/\/www.evearly.news\/fr\/voici-les-premieres-photos-de-la-future-bmw-m3-electrique\/"},"modified":"2024-12-12T17:28:02","modified_gmt":"2024-12-12T16:28:02","slug":"voici-les-premieres-photos-de-la-future-bmw-m3-electrique","status":"publish","type":"post","link":"https:\/\/www.evearly.news\/fr\/voici-les-premieres-photos-de-la-future-bmw-m3-electrique\/","title":{"rendered":"Voici les premi\u00e8res photos de la future BMW M3&#8230; \u00e9lectrique !"},"content":{"rendered":"<div class=\"media_block\"><img decoding=\"async\" src=\"https:\/\/www.evearly.news\/fr\/wp-content\/uploads\/sites\/6\/2024\/12\/voici-les-premieres-photos-de-la-future-bmw-m3-electrique.jpg\"><\/div>\n<p>BMW travaille activement au d\u00e9veloppement de ses nouvelles voitures \u00e9lectriques sur la plateforme Neue Klasse. Et sur ses sportives du futur. Voici ce que \u00e7a donne quand on m\u00e9lange les deux ! <a href=https:\/\/www.automobile-magazine.fr\/scoops\/article\/45933-voici-les-premieres-photos-de-la-future-bmw-m3electrique target='bwindow'>Lire la suite&#8230;<\/a><\/p>\n","protected":false},"excerpt":{"rendered":"<div class=\"media_block\"><img decoding=\"async\" src=\"https:\/\/www.evearly.news\/fr\/wp-content\/uploads\/sites\/6\/2024\/12\/voici-les-premieres-photos-de-la-future-bmw-m3-electrique.jpg\"><\/div>\n<p> <a class=\"continue-reading-link\" href=\"https:\/\/www.evearly.news\/fr\/voici-les-premieres-photos-de-la-future-bmw-m3-electrique\/\"><\/a><\/p>\n","protected":false},"author":7,"featured_media":293027,"comment_status":"closed","ping_status":"open","sticky":false,"template":"Default","format":"standard","meta":{"footnotes":""},"categories":[7],"tags":[],"class_list":["post-293026","post","type-post","status-publish","format-standard","has-post-thumbnail","hentry","category-automobile-magazine"],"_links":{"self":[{"href":"https:\/\/www.evearly.news\/fr\/wp-json\/wp\/v2\/posts\/293026","targetHints":{"allow":["GET"]}}],"collection":[{"href":"https:\/\/www.evearly.news\/fr\/wp-json\/wp\/v2\/posts"}],"about":[{"href":"https:\/\/www.evearly.news\/fr\/wp-json\/wp\/v2\/types\/post"}],"author":[{"embeddable":true,"href":"https:\/\/www.evearly.news\/fr\/wp-json\/wp\/v2\/users\/7"}],"replies":[{"embeddable":true,"href":"https:\/\/www.evearly.news\/fr\/wp-json\/wp\/v2\/comments?post=293026"}],"version-history":[{"count":0,"href":"https:\/\/www.evearly.news\/fr\/wp-json\/wp\/v2\/posts\/293026\/revisions"}],"wp:featuredmedia":[{"embeddable":true,"href":"https:\/\/www.evearly.news\/fr\/wp-json\/wp\/v2\/media\/293027"}],"wp:attachment":[{"href":"https:\/\/www.evearly.news\/fr\/wp-json\/wp\/v2\/media?parent=293026"}],"wp:term":[{"taxonomy":"category","embeddable":true,"href":"https:\/\/www.evearly.news\/fr\/wp-json\/wp\/v2\/categories?post=293026"},{"taxonomy":"post_tag","embeddable":true,"href":"https:\/\/www.evearly.news\/fr\/wp-json\/wp\/v2\/tags?post=293026"}],"curies":[{"name":"wp","href":"https:\/\/api.w.org\/{rel}","templated":true}]}}