{"id":293028,"date":"2024-12-12T17:32:36","date_gmt":"2024-12-12T16:32:36","guid":{"rendered":"https:\/\/www.evearly.news\/fr\/voitures-electriques-apres-avoir-tue-son-bonus-ecologique-ce-pays-supplie-leurope-de-laider-pour-redresser-les-ventes\/"},"modified":"2024-12-12T17:32:36","modified_gmt":"2024-12-12T16:32:36","slug":"voitures-electriques-apres-avoir-tue-son-bonus-ecologique-ce-pays-supplie-leurope-de-laider-pour-redresser-les-ventes","status":"publish","type":"post","link":"https:\/\/www.evearly.news\/fr\/voitures-electriques-apres-avoir-tue-son-bonus-ecologique-ce-pays-supplie-leurope-de-laider-pour-redresser-les-ventes\/","title":{"rendered":"Voitures \u00e9lectriques : apr\u00e8s avoir tu\u00e9 son bonus \u00e9cologique, ce pays supplie l\u2019Europe de l\u2019aider pour redresser les ventes"},"content":{"rendered":"<p><img decoding=\"async\" src=\"https:\/\/www.evearly.news\/fr\/wp-content\/uploads\/sites\/6\/2024\/12\/voitures-electriques-apres-avoir-tue-son-bonus-ecologique-ce-pays-supplie-leurope-de-laider-pour-redresser-les-ventes.jpg\"><br \/>Apr\u00e8s avoir mis fin \u00e0 son bonus \u00e9cologique en d\u00e9cembre 2023, ce grand pays europ\u00e9en regrette visiblement son geste. Face \u00e0 la baisse drastique des ventes de voitures \u00e9lectrique sur son territoire, il demande maintenant un soutien de la part&#8230; <a href=https:\/\/www.phonandroid.com\/voitures-electriques-apres-avoir-tue-son-bonus-ecologique-ce-pays-supplie-leurope-de-laider-pour-redresser-les-ventes.html target=blank>Lire la suite&#8230;<\/a><\/p>\n","protected":false},"excerpt":{"rendered":"<p>Apr\u00e8s avoir mis fin \u00e0 son bonus \u00e9cologique en d\u00e9cembre 2023, ce grand pays europ\u00e9en regrette visiblement son geste. Face \u00e0 la baisse drastique des ventes de voitures \u00e9lectrique sur son territoire, il demande maintenant un soutien de la part&#8230;&#8230; <a class=\"continue-reading-link\" href=\"https:\/\/www.evearly.news\/fr\/voitures-electriques-apres-avoir-tue-son-bonus-ecologique-ce-pays-supplie-leurope-de-laider-pour-redresser-les-ventes\/\"><\/a><\/p>\n","protected":false},"author":17,"featured_media":293029,"comment_status":"closed","ping_status":"open","sticky":false,"template":"Default","format":"standard","meta":{"footnotes":""},"categories":[18],"tags":[],"class_list":["post-293028","post","type-post","status-publish","format-standard","has-post-thumbnail","hentry","category-phonandroid"],"_links":{"self":[{"href":"https:\/\/www.evearly.news\/fr\/wp-json\/wp\/v2\/posts\/293028","targetHints":{"allow":["GET"]}}],"collection":[{"href":"https:\/\/www.evearly.news\/fr\/wp-json\/wp\/v2\/posts"}],"about":[{"href":"https:\/\/www.evearly.news\/fr\/wp-json\/wp\/v2\/types\/post"}],"author":[{"embeddable":true,"href":"https:\/\/www.evearly.news\/fr\/wp-json\/wp\/v2\/users\/17"}],"replies":[{"embeddable":true,"href":"https:\/\/www.evearly.news\/fr\/wp-json\/wp\/v2\/comments?post=293028"}],"version-history":[{"count":0,"href":"https:\/\/www.evearly.news\/fr\/wp-json\/wp\/v2\/posts\/293028\/revisions"}],"wp:featuredmedia":[{"embeddable":true,"href":"https:\/\/www.evearly.news\/fr\/wp-json\/wp\/v2\/media\/293029"}],"wp:attachment":[{"href":"https:\/\/www.evearly.news\/fr\/wp-json\/wp\/v2\/media?parent=293028"}],"wp:term":[{"taxonomy":"category","embeddable":true,"href":"https:\/\/www.evearly.news\/fr\/wp-json\/wp\/v2\/categories?post=293028"},{"taxonomy":"post_tag","embeddable":true,"href":"https:\/\/www.evearly.news\/fr\/wp-json\/wp\/v2\/tags?post=293028"}],"curies":[{"name":"wp","href":"https:\/\/api.w.org\/{rel}","templated":true}]}}