{"id":293034,"date":"2024-12-12T19:21:34","date_gmt":"2024-12-12T18:21:34","guid":{"rendered":"https:\/\/www.evearly.news\/fr\/avatr-06-la-berline-chinoise-taillee-pour-leurope-en-electrique-ou-avec-prolongateur-dautonomie\/"},"modified":"2024-12-12T19:21:34","modified_gmt":"2024-12-12T18:21:34","slug":"avatr-06-la-berline-chinoise-taillee-pour-leurope-en-electrique-ou-avec-prolongateur-dautonomie","status":"publish","type":"post","link":"https:\/\/www.evearly.news\/fr\/avatr-06-la-berline-chinoise-taillee-pour-leurope-en-electrique-ou-avec-prolongateur-dautonomie\/","title":{"rendered":"Avatr 06 : la berline chinoise taill\u00e9e pour l\u2019Europe en \u00e9lectrique ou avec prolongateur d\u2019autonomie"},"content":{"rendered":"<p><img loading=\"lazy\" decoding=\"async\" width=\"500\" height=\"333\" src=\"https:\/\/www.evearly.news\/fr\/wp-content\/uploads\/sites\/6\/2024\/12\/avatr-06-la-berline-chinoise-taillee-pour-leurope-en-electrique-ou-avec-prolongateur-dautonomie.jpg\" class=\"attachment-1200x800 size-1200x800 wp-post-image\" alt=\"Avatr 06\" srcset=\"https:\/\/www.evearly.news\/fr\/wp-content\/uploads\/sites\/6\/2024\/12\/avatr-06-la-berline-chinoise-taillee-pour-leurope-en-electrique-ou-avec-prolongateur-dautonomie.jpg 800w, https:\/\/www.evearly.news\/fr\/wp-content\/uploads\/sites\/6\/2024\/12\/avatr-06-la-berline-chinoise-taillee-pour-leurope-en-electrique-ou-avec-prolongateur-dautonomie-1.jpg 768w, https:\/\/cdn.automobile-propre.com\/uploads\/2024\/12\/Avatr-06_06-551x413.jpg 551w\" sizes=\"auto, (max-width: 800px) 100vw, 800px\" \/><br \/>\nLe g\u00e9ant chinois Changan lancera bient\u00f4t sa marque premium Avatr dans le grand bain des march\u00e9s internationaux. Avec la berline 06 il vise clairement le march\u00e9 europ\u00e9en o\u00f9 il pourrait proposer la technologie du prolongateur d&rsquo;autonomie.\u00a0<a href=https:\/\/www.automobile-propre.com\/articles\/avatr-06-la-berline-chinoise-taillee-pour-leurope-en-electrique-ou-avec-prolongateur-dautonomie\/ target='bwindow'>Lire la suite&#8230;<\/a><\/p>\n","protected":false},"excerpt":{"rendered":"<p>&#8230; <a class=\"continue-reading-link\" href=\"https:\/\/www.evearly.news\/fr\/avatr-06-la-berline-chinoise-taillee-pour-leurope-en-electrique-ou-avec-prolongateur-dautonomie\/\"><\/a><\/p>\n","protected":false},"author":8,"featured_media":293035,"comment_status":"closed","ping_status":"open","sticky":false,"template":"Default","format":"standard","meta":{"footnotes":""},"categories":[8],"tags":[],"class_list":["post-293034","post","type-post","status-publish","format-standard","has-post-thumbnail","hentry","category-automobile-propre"],"_links":{"self":[{"href":"https:\/\/www.evearly.news\/fr\/wp-json\/wp\/v2\/posts\/293034","targetHints":{"allow":["GET"]}}],"collection":[{"href":"https:\/\/www.evearly.news\/fr\/wp-json\/wp\/v2\/posts"}],"about":[{"href":"https:\/\/www.evearly.news\/fr\/wp-json\/wp\/v2\/types\/post"}],"author":[{"embeddable":true,"href":"https:\/\/www.evearly.news\/fr\/wp-json\/wp\/v2\/users\/8"}],"replies":[{"embeddable":true,"href":"https:\/\/www.evearly.news\/fr\/wp-json\/wp\/v2\/comments?post=293034"}],"version-history":[{"count":0,"href":"https:\/\/www.evearly.news\/fr\/wp-json\/wp\/v2\/posts\/293034\/revisions"}],"wp:featuredmedia":[{"embeddable":true,"href":"https:\/\/www.evearly.news\/fr\/wp-json\/wp\/v2\/media\/293035"}],"wp:attachment":[{"href":"https:\/\/www.evearly.news\/fr\/wp-json\/wp\/v2\/media?parent=293034"}],"wp:term":[{"taxonomy":"category","embeddable":true,"href":"https:\/\/www.evearly.news\/fr\/wp-json\/wp\/v2\/categories?post=293034"},{"taxonomy":"post_tag","embeddable":true,"href":"https:\/\/www.evearly.news\/fr\/wp-json\/wp\/v2\/tags?post=293034"}],"curies":[{"name":"wp","href":"https:\/\/api.w.org\/{rel}","templated":true}]}}