{"id":293175,"date":"2024-12-15T16:51:24","date_gmt":"2024-12-15T15:51:24","guid":{"rendered":"https:\/\/www.evearly.news\/fr\/batteries-acc-va-agrandir-son-usine-francaise-grace-a-un-pret-dun-milliard-deuros\/"},"modified":"2024-12-15T16:51:24","modified_gmt":"2024-12-15T15:51:24","slug":"batteries-acc-va-agrandir-son-usine-francaise-grace-a-un-pret-dun-milliard-deuros","status":"publish","type":"post","link":"https:\/\/www.evearly.news\/fr\/batteries-acc-va-agrandir-son-usine-francaise-grace-a-un-pret-dun-milliard-deuros\/","title":{"rendered":"Batteries : ACC va agrandir son usine fran\u00e7aise gr\u00e2ce \u00e0 un pr\u00eat d\u2019un milliard d\u2019euros"},"content":{"rendered":"<p><img loading=\"lazy\" decoding=\"async\" width=\"500\" height=\"333\" src=\"https:\/\/www.evearly.news\/fr\/wp-content\/uploads\/sites\/6\/2024\/12\/batteries-acc-va-agrandir-son-usine-francaise-grace-a-un-pret-dun-milliard-deuros.jpg\" class=\"attachment-1200x800 size-1200x800 wp-post-image\" alt=\"\" srcset=\"https:\/\/www.evearly.news\/fr\/wp-content\/uploads\/sites\/6\/2024\/12\/batteries-acc-va-agrandir-son-usine-francaise-grace-a-un-pret-dun-milliard-deuros.jpg 1920w, https:\/\/www.evearly.news\/fr\/wp-content\/uploads\/sites\/6\/2024\/12\/batteries-acc-va-agrandir-son-usine-francaise-grace-a-un-pret-dun-milliard-deuros-1.jpg 1640w, https:\/\/www.evearly.news\/fr\/wp-content\/uploads\/sites\/6\/2024\/12\/batteries-acc-va-agrandir-son-usine-francaise-grace-a-un-pret-dun-milliard-deuros-2.jpg 1024w, https:\/\/www.evearly.news\/fr\/wp-content\/uploads\/sites\/6\/2024\/12\/batteries-acc-va-agrandir-son-usine-francaise-grace-a-un-pret-dun-milliard-deuros-3.jpg 768w, https:\/\/www.evearly.news\/fr\/wp-content\/uploads\/sites\/6\/2024\/12\/batteries-acc-va-agrandir-son-usine-francaise-grace-a-un-pret-dun-milliard-deuros-4.jpg 1536w, https:\/\/cdn.automobile-propre.com\/uploads\/2024\/06\/acc-batterie-1-620x349.jpg 620w\" sizes=\"auto, (max-width: 1200px) 100vw, 1200px\" \/><br \/>\nAutomotive Cells Company (ACC) va signer un nouveau pr\u00eat pour l&rsquo;expansion de son usine fran\u00e7aise. Le g\u00e9ant europ\u00e9en de la batterie pour voiture \u00e9lectrique mise tout sur cette premi\u00e8re infrastructure.\u00a0<a href=https:\/\/www.automobile-propre.com\/breves\/batteries-acc-va-agrandir-son-usine-francaise-grace-a-un-pret-dun-milliard-deuros\/ target='bwindow'>Lire la suite&#8230;<\/a><\/p>\n","protected":false},"excerpt":{"rendered":"<p>&#8230; <a class=\"continue-reading-link\" href=\"https:\/\/www.evearly.news\/fr\/batteries-acc-va-agrandir-son-usine-francaise-grace-a-un-pret-dun-milliard-deuros\/\"><\/a><\/p>\n","protected":false},"author":8,"featured_media":293176,"comment_status":"closed","ping_status":"open","sticky":false,"template":"Default","format":"standard","meta":{"footnotes":""},"categories":[8],"tags":[],"class_list":["post-293175","post","type-post","status-publish","format-standard","has-post-thumbnail","hentry","category-automobile-propre"],"_links":{"self":[{"href":"https:\/\/www.evearly.news\/fr\/wp-json\/wp\/v2\/posts\/293175","targetHints":{"allow":["GET"]}}],"collection":[{"href":"https:\/\/www.evearly.news\/fr\/wp-json\/wp\/v2\/posts"}],"about":[{"href":"https:\/\/www.evearly.news\/fr\/wp-json\/wp\/v2\/types\/post"}],"author":[{"embeddable":true,"href":"https:\/\/www.evearly.news\/fr\/wp-json\/wp\/v2\/users\/8"}],"replies":[{"embeddable":true,"href":"https:\/\/www.evearly.news\/fr\/wp-json\/wp\/v2\/comments?post=293175"}],"version-history":[{"count":0,"href":"https:\/\/www.evearly.news\/fr\/wp-json\/wp\/v2\/posts\/293175\/revisions"}],"wp:featuredmedia":[{"embeddable":true,"href":"https:\/\/www.evearly.news\/fr\/wp-json\/wp\/v2\/media\/293176"}],"wp:attachment":[{"href":"https:\/\/www.evearly.news\/fr\/wp-json\/wp\/v2\/media?parent=293175"}],"wp:term":[{"taxonomy":"category","embeddable":true,"href":"https:\/\/www.evearly.news\/fr\/wp-json\/wp\/v2\/categories?post=293175"},{"taxonomy":"post_tag","embeddable":true,"href":"https:\/\/www.evearly.news\/fr\/wp-json\/wp\/v2\/tags?post=293175"}],"curies":[{"name":"wp","href":"https:\/\/api.w.org\/{rel}","templated":true}]}}