{"id":293239,"date":"2024-12-16T16:56:35","date_gmt":"2024-12-16T15:56:35","guid":{"rendered":"https:\/\/www.evearly.news\/fr\/huawei-veut-faire-de-lombre-a-xiaomi-sur-la-voiture-electrique-avec-ce-nouveau-projet\/"},"modified":"2024-12-16T16:56:35","modified_gmt":"2024-12-16T15:56:35","slug":"huawei-veut-faire-de-lombre-a-xiaomi-sur-la-voiture-electrique-avec-ce-nouveau-projet","status":"publish","type":"post","link":"https:\/\/www.evearly.news\/fr\/huawei-veut-faire-de-lombre-a-xiaomi-sur-la-voiture-electrique-avec-ce-nouveau-projet\/","title":{"rendered":"Huawei veut faire de l\u2019ombre \u00e0 Xiaomi sur la voiture \u00e9lectrique avec ce nouveau projet"},"content":{"rendered":"<p><img width=\"1200\" height=\"675\" src=\"https:\/\/www.evearly.news\/fr\/wp-content\/uploads\/sites\/6\/2024\/12\/huawei-veut-faire-de-lombre-a-xiaomi-sur-la-voiture-electrique-avec-ce-nouveau-projet.jpg\" class=\"attachment-large size-large wp-post-image\" alt=\"\" decoding=\"async\" loading=\"lazy\" \/<br \/>\nContrairement \u00e0 Xiaomi, Huawei ne poss\u00e8de pas sa propre marque de voitures \u00e9lectriques. Mais le g\u00e9ant de la tech envisage un nouveau partenariat plus pouss\u00e9 avec le constructeur Avatr, afin de prendre encore plus de place dans le domaine automobile.<br \/>\n <a href=https:\/\/www.frandroid.com\/marques\/huawei\/2442280_huawei-veut-faire-de-lombre-a-xiaomi-sur-la-voiture-electrique-avec-ce-nouveau-projet target='bwindow'>Lire la suite&#8230;<\/a><\/p>\n","protected":false},"excerpt":{"rendered":"<p>&lt;img width=&quot;1200&quot; height=&quot;675&quot; src=&quot;https:\/\/www.evearly.news\/fr\/wp-content\/uploads\/sites\/6\/2024\/12\/huawei-veut-faire-de-lombre-a-xiaomi-sur-la-voiture-electrique-avec-ce-nouveau-projet.jpg&quot; class=&quot;attachment-large size-large wp-post-image&quot; alt=&quot;&quot; decoding=&quot;async&quot; loading=&quot;lazy&quot; \/<br \/>\nContrairement \u00e0 Xiaomi, Huawei ne poss\u00e8de pas sa propre marque de voitures \u00e9lectriques. Mais le g\u00e9ant de la tech envisage un nouveau partenariat plus pouss\u00e9 avec le constructeur Avatr, afin de prendre encore plus de place dans le domaine automobile.\n<\/p>\n<p> <a class=\"continue-reading-link\" href=\"https:\/\/www.evearly.news\/fr\/huawei-veut-faire-de-lombre-a-xiaomi-sur-la-voiture-electrique-avec-ce-nouveau-projet\/\"><\/a><\/p>\n","protected":false},"author":6,"featured_media":293240,"comment_status":"closed","ping_status":"open","sticky":false,"template":"Default","format":"standard","meta":{"footnotes":""},"categories":[14],"tags":[],"class_list":["post-293239","post","type-post","status-publish","format-standard","has-post-thumbnail","hentry","category-frandroid"],"_links":{"self":[{"href":"https:\/\/www.evearly.news\/fr\/wp-json\/wp\/v2\/posts\/293239","targetHints":{"allow":["GET"]}}],"collection":[{"href":"https:\/\/www.evearly.news\/fr\/wp-json\/wp\/v2\/posts"}],"about":[{"href":"https:\/\/www.evearly.news\/fr\/wp-json\/wp\/v2\/types\/post"}],"author":[{"embeddable":true,"href":"https:\/\/www.evearly.news\/fr\/wp-json\/wp\/v2\/users\/6"}],"replies":[{"embeddable":true,"href":"https:\/\/www.evearly.news\/fr\/wp-json\/wp\/v2\/comments?post=293239"}],"version-history":[{"count":0,"href":"https:\/\/www.evearly.news\/fr\/wp-json\/wp\/v2\/posts\/293239\/revisions"}],"wp:featuredmedia":[{"embeddable":true,"href":"https:\/\/www.evearly.news\/fr\/wp-json\/wp\/v2\/media\/293240"}],"wp:attachment":[{"href":"https:\/\/www.evearly.news\/fr\/wp-json\/wp\/v2\/media?parent=293239"}],"wp:term":[{"taxonomy":"category","embeddable":true,"href":"https:\/\/www.evearly.news\/fr\/wp-json\/wp\/v2\/categories?post=293239"},{"taxonomy":"post_tag","embeddable":true,"href":"https:\/\/www.evearly.news\/fr\/wp-json\/wp\/v2\/tags?post=293239"}],"curies":[{"name":"wp","href":"https:\/\/api.w.org\/{rel}","templated":true}]}}