{"id":293247,"date":"2024-12-16T18:29:53","date_gmt":"2024-12-16T17:29:53","guid":{"rendered":"https:\/\/www.evearly.news\/fr\/les-cinq-questions-quon-se-pose-sur-la-nouvelle-renault-5-turbo-3e\/"},"modified":"2024-12-16T18:29:53","modified_gmt":"2024-12-16T17:29:53","slug":"les-cinq-questions-quon-se-pose-sur-la-nouvelle-renault-5-turbo-3e","status":"publish","type":"post","link":"https:\/\/www.evearly.news\/fr\/les-cinq-questions-quon-se-pose-sur-la-nouvelle-renault-5-turbo-3e\/","title":{"rendered":"Les cinq questions qu&rsquo;on se pose sur la nouvelle Renault 5 Turbo 3E"},"content":{"rendered":"<div class=\"media_block\"><img decoding=\"async\" src=\"https:\/\/www.evearly.news\/fr\/wp-content\/uploads\/sites\/6\/2024\/12\/les-cinq-questions-quon-se-pose-sur-la-nouvelle-renault-5-turbo-3e.jpg\"><\/div>\n<p>Renault a confirm\u00e9 la production en s\u00e9rie de la Renault 5 Turbo 3E, avec de premi\u00e8res images \u00e0 l&rsquo;appui. Mais la marque s&rsquo;est montr\u00e9e tr\u00e8s peu bavarde sur cette nouveaut\u00e9 spectaculaire, laissant ainsi plus de questions que de r\u00e9ponses\u2026 <a href=https:\/\/www.automobile-magazine.fr\/toute-l-actualite\/article\/45978-les-cinq-questions-quon-se-pose-sur-la-nouvelle-renault-5-turbo-3e target='bwindow'>Lire la suite&#8230;<\/a><\/p>\n","protected":false},"excerpt":{"rendered":"<div class=\"media_block\"><img decoding=\"async\" src=\"https:\/\/www.evearly.news\/fr\/wp-content\/uploads\/sites\/6\/2024\/12\/les-cinq-questions-quon-se-pose-sur-la-nouvelle-renault-5-turbo-3e.jpg\"><\/div>\n<p> <a class=\"continue-reading-link\" href=\"https:\/\/www.evearly.news\/fr\/les-cinq-questions-quon-se-pose-sur-la-nouvelle-renault-5-turbo-3e\/\"><\/a><\/p>\n","protected":false},"author":7,"featured_media":293248,"comment_status":"closed","ping_status":"open","sticky":false,"template":"Default","format":"standard","meta":{"footnotes":""},"categories":[7],"tags":[],"class_list":["post-293247","post","type-post","status-publish","format-standard","has-post-thumbnail","hentry","category-automobile-magazine"],"_links":{"self":[{"href":"https:\/\/www.evearly.news\/fr\/wp-json\/wp\/v2\/posts\/293247","targetHints":{"allow":["GET"]}}],"collection":[{"href":"https:\/\/www.evearly.news\/fr\/wp-json\/wp\/v2\/posts"}],"about":[{"href":"https:\/\/www.evearly.news\/fr\/wp-json\/wp\/v2\/types\/post"}],"author":[{"embeddable":true,"href":"https:\/\/www.evearly.news\/fr\/wp-json\/wp\/v2\/users\/7"}],"replies":[{"embeddable":true,"href":"https:\/\/www.evearly.news\/fr\/wp-json\/wp\/v2\/comments?post=293247"}],"version-history":[{"count":0,"href":"https:\/\/www.evearly.news\/fr\/wp-json\/wp\/v2\/posts\/293247\/revisions"}],"wp:featuredmedia":[{"embeddable":true,"href":"https:\/\/www.evearly.news\/fr\/wp-json\/wp\/v2\/media\/293248"}],"wp:attachment":[{"href":"https:\/\/www.evearly.news\/fr\/wp-json\/wp\/v2\/media?parent=293247"}],"wp:term":[{"taxonomy":"category","embeddable":true,"href":"https:\/\/www.evearly.news\/fr\/wp-json\/wp\/v2\/categories?post=293247"},{"taxonomy":"post_tag","embeddable":true,"href":"https:\/\/www.evearly.news\/fr\/wp-json\/wp\/v2\/tags?post=293247"}],"curies":[{"name":"wp","href":"https:\/\/api.w.org\/{rel}","templated":true}]}}