{"id":293249,"date":"2024-12-16T18:36:17","date_gmt":"2024-12-16T17:36:17","guid":{"rendered":"https:\/\/www.evearly.news\/fr\/xiaomi-voit-les-choses-en-grand-et-pourrait-vendre-ses-voitures-electriques-en-europe-plus-tot-que-prevu\/"},"modified":"2024-12-16T18:36:17","modified_gmt":"2024-12-16T17:36:17","slug":"xiaomi-voit-les-choses-en-grand-et-pourrait-vendre-ses-voitures-electriques-en-europe-plus-tot-que-prevu","status":"publish","type":"post","link":"https:\/\/www.evearly.news\/fr\/xiaomi-voit-les-choses-en-grand-et-pourrait-vendre-ses-voitures-electriques-en-europe-plus-tot-que-prevu\/","title":{"rendered":"Xiaomi voit les choses en grand et pourrait vendre ses voitures \u00e9lectriques en Europe plus t\u00f4t que pr\u00e9vu"},"content":{"rendered":"<p><img width=\"1200\" height=\"863\" src=\"https:\/\/www.evearly.news\/fr\/wp-content\/uploads\/sites\/6\/2024\/12\/xiaomi-voit-les-choses-en-grand-et-pourrait-vendre-ses-voitures-electriques-en-europe-plus-tot-que-prevu.jpg\" class=\"attachment-large size-large wp-post-image\" alt=\"\" decoding=\"async\" loading=\"lazy\" \/<br \/>\nPuisque Xiaomi distribue d\u00e9j\u00e0 ses smartphones et trottinettes \u00e9lectriques en Europe, pourquoi la marque ne ferait-elle pas pareil avec ses voitures ? Le constructeur chinois vient de recruter une \u00e9quipe de vente sp\u00e9cialement d\u00e9di\u00e9e aux march\u00e9s \u00e9trangers.<br \/>\n <a href=https:\/\/www.frandroid.com\/marques\/xiaomi\/2442860_xiaomi-voit-les-choses-en-grand-et-pourrait-vendre-ses-voitures-electriques-en-europe-plus-tot-que-prevu target='bwindow'>Lire la suite&#8230;<\/a><\/p>\n","protected":false},"excerpt":{"rendered":"<p>&lt;img width=&quot;1200&quot; height=&quot;863&quot; src=&quot;https:\/\/www.evearly.news\/fr\/wp-content\/uploads\/sites\/6\/2024\/12\/xiaomi-voit-les-choses-en-grand-et-pourrait-vendre-ses-voitures-electriques-en-europe-plus-tot-que-prevu.jpg&quot; class=&quot;attachment-large size-large wp-post-image&quot; alt=&quot;&quot; decoding=&quot;async&quot; loading=&quot;lazy&quot; \/<br \/>\nPuisque Xiaomi distribue d\u00e9j\u00e0 ses smartphones et trottinettes \u00e9lectriques en Europe, pourquoi la marque ne ferait-elle pas pareil avec ses voitures ? Le constructeur chinois vient de recruter une \u00e9quipe de vente sp\u00e9cialement d\u00e9di\u00e9e aux march\u00e9s \u00e9trangers.\n<\/p>\n<p> <a class=\"continue-reading-link\" href=\"https:\/\/www.evearly.news\/fr\/xiaomi-voit-les-choses-en-grand-et-pourrait-vendre-ses-voitures-electriques-en-europe-plus-tot-que-prevu\/\"><\/a><\/p>\n","protected":false},"author":6,"featured_media":293250,"comment_status":"closed","ping_status":"open","sticky":false,"template":"Default","format":"standard","meta":{"footnotes":""},"categories":[14],"tags":[],"class_list":["post-293249","post","type-post","status-publish","format-standard","has-post-thumbnail","hentry","category-frandroid"],"_links":{"self":[{"href":"https:\/\/www.evearly.news\/fr\/wp-json\/wp\/v2\/posts\/293249","targetHints":{"allow":["GET"]}}],"collection":[{"href":"https:\/\/www.evearly.news\/fr\/wp-json\/wp\/v2\/posts"}],"about":[{"href":"https:\/\/www.evearly.news\/fr\/wp-json\/wp\/v2\/types\/post"}],"author":[{"embeddable":true,"href":"https:\/\/www.evearly.news\/fr\/wp-json\/wp\/v2\/users\/6"}],"replies":[{"embeddable":true,"href":"https:\/\/www.evearly.news\/fr\/wp-json\/wp\/v2\/comments?post=293249"}],"version-history":[{"count":0,"href":"https:\/\/www.evearly.news\/fr\/wp-json\/wp\/v2\/posts\/293249\/revisions"}],"wp:featuredmedia":[{"embeddable":true,"href":"https:\/\/www.evearly.news\/fr\/wp-json\/wp\/v2\/media\/293250"}],"wp:attachment":[{"href":"https:\/\/www.evearly.news\/fr\/wp-json\/wp\/v2\/media?parent=293249"}],"wp:term":[{"taxonomy":"category","embeddable":true,"href":"https:\/\/www.evearly.news\/fr\/wp-json\/wp\/v2\/categories?post=293249"},{"taxonomy":"post_tag","embeddable":true,"href":"https:\/\/www.evearly.news\/fr\/wp-json\/wp\/v2\/tags?post=293249"}],"curies":[{"name":"wp","href":"https:\/\/api.w.org\/{rel}","templated":true}]}}