{"id":293255,"date":"2024-12-17T08:21:30","date_gmt":"2024-12-17T07:21:30","guid":{"rendered":"https:\/\/www.evearly.news\/fr\/mercedes-amg-teste-son-surpuissant-suv-electrique\/"},"modified":"2024-12-17T08:21:30","modified_gmt":"2024-12-17T07:21:30","slug":"mercedes-amg-teste-son-surpuissant-suv-electrique","status":"publish","type":"post","link":"https:\/\/www.evearly.news\/fr\/mercedes-amg-teste-son-surpuissant-suv-electrique\/","title":{"rendered":"Mercedes-AMG teste son surpuissant SUV \u00e9lectrique"},"content":{"rendered":"<p><img loading=\"lazy\" decoding=\"async\" width=\"500\" height=\"333\" src=\"https:\/\/www.evearly.news\/fr\/wp-content\/uploads\/sites\/6\/2024\/12\/mercedes-amg-teste-son-surpuissant-suv-electrique.jpg\" class=\"attachment-1200x800 size-1200x800 wp-post-image\" alt=\"\" srcset=\"https:\/\/www.evearly.news\/fr\/wp-content\/uploads\/sites\/6\/2024\/12\/mercedes-amg-teste-son-surpuissant-suv-electrique.jpg 1536w, https:\/\/www.evearly.news\/fr\/wp-content\/uploads\/sites\/6\/2024\/12\/mercedes-amg-teste-son-surpuissant-suv-electrique-1.jpg 1640w, https:\/\/www.evearly.news\/fr\/wp-content\/uploads\/sites\/6\/2024\/12\/mercedes-amg-teste-son-surpuissant-suv-electrique-2.jpg 1024w, https:\/\/www.evearly.news\/fr\/wp-content\/uploads\/sites\/6\/2024\/12\/mercedes-amg-teste-son-surpuissant-suv-electrique-3.jpg 140w, https:\/\/www.evearly.news\/fr\/wp-content\/uploads\/sites\/6\/2024\/12\/mercedes-amg-teste-son-surpuissant-suv-electrique-4.jpg 768w, https:\/\/www.evearly.news\/fr\/wp-content\/uploads\/sites\/6\/2024\/12\/mercedes-amg-teste-son-surpuissant-suv-electrique-5.jpg 620w, https:\/\/www.evearly.news\/fr\/wp-content\/uploads\/sites\/6\/2024\/12\/mercedes-amg-teste-son-surpuissant-suv-electrique-6.jpg 100w, https:\/\/www.evearly.news\/fr\/wp-content\/uploads\/sites\/6\/2024\/12\/mercedes-amg-teste-son-surpuissant-suv-electrique-7.jpg 190w, https:\/\/www.evearly.news\/fr\/wp-content\/uploads\/sites\/6\/2024\/12\/mercedes-amg-teste-son-surpuissant-suv-electrique-8.jpg 600w, https:\/\/cdn.automobile-propre.com\/uploads\/2024\/12\/Mercedes-AMG-SUV-electrique.jpg 1920w\" sizes=\"auto, (max-width: 1200px) 100vw, 1200px\" \/><br \/>\nMercedes-AMG a d\u00e9but\u00e9 les tests de son SUV et du coup\u00e9 quatre portes \u00e0 propulsion \u00e9lectrique. Il s&rsquo;agit pour le moment de prototypes de v\u00e9hicules haute performance &lsquo;z\u00e9ro \u00e9mission&rsquo;.\u00a0<a href=https:\/\/www.automobile-propre.com\/breves\/mercedes-amg-teste-son-surpuissant-suv-electrique\/ target='bwindow'>Lire la suite&#8230;<\/a><\/p>\n","protected":false},"excerpt":{"rendered":"<p>&#8230; <a class=\"continue-reading-link\" href=\"https:\/\/www.evearly.news\/fr\/mercedes-amg-teste-son-surpuissant-suv-electrique\/\"><\/a><\/p>\n","protected":false},"author":8,"featured_media":293256,"comment_status":"closed","ping_status":"open","sticky":false,"template":"Default","format":"standard","meta":{"footnotes":""},"categories":[8],"tags":[],"class_list":["post-293255","post","type-post","status-publish","format-standard","has-post-thumbnail","hentry","category-automobile-propre"],"_links":{"self":[{"href":"https:\/\/www.evearly.news\/fr\/wp-json\/wp\/v2\/posts\/293255","targetHints":{"allow":["GET"]}}],"collection":[{"href":"https:\/\/www.evearly.news\/fr\/wp-json\/wp\/v2\/posts"}],"about":[{"href":"https:\/\/www.evearly.news\/fr\/wp-json\/wp\/v2\/types\/post"}],"author":[{"embeddable":true,"href":"https:\/\/www.evearly.news\/fr\/wp-json\/wp\/v2\/users\/8"}],"replies":[{"embeddable":true,"href":"https:\/\/www.evearly.news\/fr\/wp-json\/wp\/v2\/comments?post=293255"}],"version-history":[{"count":0,"href":"https:\/\/www.evearly.news\/fr\/wp-json\/wp\/v2\/posts\/293255\/revisions"}],"wp:featuredmedia":[{"embeddable":true,"href":"https:\/\/www.evearly.news\/fr\/wp-json\/wp\/v2\/media\/293256"}],"wp:attachment":[{"href":"https:\/\/www.evearly.news\/fr\/wp-json\/wp\/v2\/media?parent=293255"}],"wp:term":[{"taxonomy":"category","embeddable":true,"href":"https:\/\/www.evearly.news\/fr\/wp-json\/wp\/v2\/categories?post=293255"},{"taxonomy":"post_tag","embeddable":true,"href":"https:\/\/www.evearly.news\/fr\/wp-json\/wp\/v2\/tags?post=293255"}],"curies":[{"name":"wp","href":"https:\/\/api.w.org\/{rel}","templated":true}]}}