{"id":293259,"date":"2024-12-17T10:21:28","date_gmt":"2024-12-17T09:21:28","guid":{"rendered":"https:\/\/www.evearly.news\/fr\/donald-trump-sapprete-deja-a-donner-un-coup-de-pouce-a-tesla\/"},"modified":"2024-12-17T10:21:28","modified_gmt":"2024-12-17T09:21:28","slug":"donald-trump-sapprete-deja-a-donner-un-coup-de-pouce-a-tesla","status":"publish","type":"post","link":"https:\/\/www.evearly.news\/fr\/donald-trump-sapprete-deja-a-donner-un-coup-de-pouce-a-tesla\/","title":{"rendered":"Donald Trump s\u2019appr\u00eate (d\u00e9j\u00e0) \u00e0 donner un coup de pouce \u00e0 Tesla"},"content":{"rendered":"<p><img decoding=\"async\" width=\"500\" height=\"333\" src=\"https:\/\/www.evearly.news\/fr\/wp-content\/uploads\/sites\/6\/2024\/12\/donald-trump-sapprete-deja-a-donner-un-coup-de-pouce-a-tesla.jpg\" class=\"attachment-1200x800 size-1200x800 wp-post-image\" alt=\"\" loading=\"lazy\" srcset=\"https:\/\/www.evearly.news\/fr\/wp-content\/uploads\/sites\/6\/2024\/12\/donald-trump-sapprete-deja-a-donner-un-coup-de-pouce-a-tesla.jpg 2048w, https:\/\/www.evearly.news\/fr\/wp-content\/uploads\/sites\/6\/2024\/12\/donald-trump-sapprete-deja-a-donner-un-coup-de-pouce-a-tesla-1.jpg 1640w, https:\/\/www.evearly.news\/fr\/wp-content\/uploads\/sites\/6\/2024\/12\/donald-trump-sapprete-deja-a-donner-un-coup-de-pouce-a-tesla-2.jpg 1024w, https:\/\/www.evearly.news\/fr\/wp-content\/uploads\/sites\/6\/2024\/12\/donald-trump-sapprete-deja-a-donner-un-coup-de-pouce-a-tesla-3.jpg 768w, https:\/\/www.evearly.news\/fr\/wp-content\/uploads\/sites\/6\/2024\/12\/donald-trump-sapprete-deja-a-donner-un-coup-de-pouce-a-tesla-4.jpg 1536w, https:\/\/cdn.automobile-propre.com\/uploads\/2024\/12\/Tesla-FSD-Supervised-V12-3-4-3-scaled-1-620x337.jpg 620w\" sizes=\"auto, (max-width: 1200px) 100vw, 1200px\" \/><br \/>\nLa r\u00e9glementation am\u00e9ricaine oblige les constructeurs \u00e0 signaler le moindre incident impliquant les technologies d&rsquo;assistance \u00e0 la conduite. Donald Trump\u2026\u00a0<a href=https:\/\/www.automobile-propre.com\/articles\/voitures-autonomes-pas-encore-intronise-trump-sapprete-deja-a-donner-un-coup-de-pouce-a-tesla\/ target='bwindow'>Lire la suite&#8230;<\/a><\/p>\n","protected":false},"excerpt":{"rendered":"<p>&#8230; <a class=\"continue-reading-link\" href=\"https:\/\/www.evearly.news\/fr\/donald-trump-sapprete-deja-a-donner-un-coup-de-pouce-a-tesla\/\"><\/a><\/p>\n","protected":false},"author":8,"featured_media":293260,"comment_status":"closed","ping_status":"open","sticky":false,"template":"Default","format":"standard","meta":{"footnotes":""},"categories":[8],"tags":[],"class_list":["post-293259","post","type-post","status-publish","format-standard","has-post-thumbnail","hentry","category-automobile-propre"],"_links":{"self":[{"href":"https:\/\/www.evearly.news\/fr\/wp-json\/wp\/v2\/posts\/293259","targetHints":{"allow":["GET"]}}],"collection":[{"href":"https:\/\/www.evearly.news\/fr\/wp-json\/wp\/v2\/posts"}],"about":[{"href":"https:\/\/www.evearly.news\/fr\/wp-json\/wp\/v2\/types\/post"}],"author":[{"embeddable":true,"href":"https:\/\/www.evearly.news\/fr\/wp-json\/wp\/v2\/users\/8"}],"replies":[{"embeddable":true,"href":"https:\/\/www.evearly.news\/fr\/wp-json\/wp\/v2\/comments?post=293259"}],"version-history":[{"count":0,"href":"https:\/\/www.evearly.news\/fr\/wp-json\/wp\/v2\/posts\/293259\/revisions"}],"wp:featuredmedia":[{"embeddable":true,"href":"https:\/\/www.evearly.news\/fr\/wp-json\/wp\/v2\/media\/293260"}],"wp:attachment":[{"href":"https:\/\/www.evearly.news\/fr\/wp-json\/wp\/v2\/media?parent=293259"}],"wp:term":[{"taxonomy":"category","embeddable":true,"href":"https:\/\/www.evearly.news\/fr\/wp-json\/wp\/v2\/categories?post=293259"},{"taxonomy":"post_tag","embeddable":true,"href":"https:\/\/www.evearly.news\/fr\/wp-json\/wp\/v2\/tags?post=293259"}],"curies":[{"name":"wp","href":"https:\/\/api.w.org\/{rel}","templated":true}]}}