{"id":293261,"date":"2024-12-17T10:27:44","date_gmt":"2024-12-17T09:27:44","guid":{"rendered":"https:\/\/www.evearly.news\/fr\/le-combi-electrique-de-volkswagen-aura-bientot-un-redoutable-concurrent-signe-mercedes\/"},"modified":"2024-12-17T10:27:44","modified_gmt":"2024-12-17T09:27:44","slug":"le-combi-electrique-de-volkswagen-aura-bientot-un-redoutable-concurrent-signe-mercedes","status":"publish","type":"post","link":"https:\/\/www.evearly.news\/fr\/le-combi-electrique-de-volkswagen-aura-bientot-un-redoutable-concurrent-signe-mercedes\/","title":{"rendered":"Le combi \u00e9lectrique de Volkswagen aura bient\u00f4t un redoutable concurrent sign\u00e9 Mercedes"},"content":{"rendered":"<p><img width=\"1200\" height=\"800\" src=\"https:\/\/www.evearly.news\/fr\/wp-content\/uploads\/sites\/6\/2024\/12\/le-combi-electrique-de-volkswagen-aura-bientot-un-redoutable-concurrent-signe-mercedes.jpg\" class=\"attachment-large size-large wp-post-image\" alt=\"\" decoding=\"async\" loading=\"lazy\" \/<br \/>\nLe constructeur allemand Mercedes annonce l\u2019arriv\u00e9e de son prochain van \u00e9lectrique. Reposant sur une plateforme in\u00e9dite, ce dernier chassera sur les terres du Volvo EM90 mais aussi du Denza D9 et du Zeekr 009 ainsi que du Volkswagen ID. Buzz, le fameux combi \u00e9lectrique. Voil\u00e0 ce que l\u2019on sait d\u00e9j\u00e0.<br \/>\n <a href=https:\/\/www.frandroid.com\/marques\/mercedes-benz\/2443362_le-combi-electrique-de-volkswagen-aura-bientot-un-redoutable-concurrent-signe-mercedes target='bwindow'>Lire la suite&#8230;<\/a><\/p>\n","protected":false},"excerpt":{"rendered":"<p>&lt;img width=&quot;1200&quot; height=&quot;800&quot; src=&quot;https:\/\/www.evearly.news\/fr\/wp-content\/uploads\/sites\/6\/2024\/12\/le-combi-electrique-de-volkswagen-aura-bientot-un-redoutable-concurrent-signe-mercedes.jpg&quot; class=&quot;attachment-large size-large wp-post-image&quot; alt=&quot;&quot; decoding=&quot;async&quot; loading=&quot;lazy&quot; \/<br \/>\nLe constructeur allemand Mercedes annonce l\u2019arriv\u00e9e de son prochain van \u00e9lectrique. Reposant sur une plateforme in\u00e9dite, ce dernier chassera sur les terres du Volvo EM90 mais aussi du Denza D9 et du Zeekr 009 ainsi que du Volkswagen ID. Buzz, le fameux combi \u00e9lectrique. Voil\u00e0 ce que l\u2019on sait d\u00e9j\u00e0.\n<\/p>\n<p> <a class=\"continue-reading-link\" href=\"https:\/\/www.evearly.news\/fr\/le-combi-electrique-de-volkswagen-aura-bientot-un-redoutable-concurrent-signe-mercedes\/\"><\/a><\/p>\n","protected":false},"author":6,"featured_media":293262,"comment_status":"closed","ping_status":"open","sticky":false,"template":"Default","format":"standard","meta":{"footnotes":""},"categories":[14],"tags":[],"class_list":["post-293261","post","type-post","status-publish","format-standard","has-post-thumbnail","hentry","category-frandroid"],"_links":{"self":[{"href":"https:\/\/www.evearly.news\/fr\/wp-json\/wp\/v2\/posts\/293261","targetHints":{"allow":["GET"]}}],"collection":[{"href":"https:\/\/www.evearly.news\/fr\/wp-json\/wp\/v2\/posts"}],"about":[{"href":"https:\/\/www.evearly.news\/fr\/wp-json\/wp\/v2\/types\/post"}],"author":[{"embeddable":true,"href":"https:\/\/www.evearly.news\/fr\/wp-json\/wp\/v2\/users\/6"}],"replies":[{"embeddable":true,"href":"https:\/\/www.evearly.news\/fr\/wp-json\/wp\/v2\/comments?post=293261"}],"version-history":[{"count":0,"href":"https:\/\/www.evearly.news\/fr\/wp-json\/wp\/v2\/posts\/293261\/revisions"}],"wp:featuredmedia":[{"embeddable":true,"href":"https:\/\/www.evearly.news\/fr\/wp-json\/wp\/v2\/media\/293262"}],"wp:attachment":[{"href":"https:\/\/www.evearly.news\/fr\/wp-json\/wp\/v2\/media?parent=293261"}],"wp:term":[{"taxonomy":"category","embeddable":true,"href":"https:\/\/www.evearly.news\/fr\/wp-json\/wp\/v2\/categories?post=293261"},{"taxonomy":"post_tag","embeddable":true,"href":"https:\/\/www.evearly.news\/fr\/wp-json\/wp\/v2\/tags?post=293261"}],"curies":[{"name":"wp","href":"https:\/\/api.w.org\/{rel}","templated":true}]}}