{"id":293301,"date":"2024-12-17T17:52:55","date_gmt":"2024-12-17T16:52:55","guid":{"rendered":"https:\/\/www.evearly.news\/fr\/salon-de-lademe-a-laval-a-la-decouverte-des-vehicules-legers-intermediaires\/"},"modified":"2024-12-17T17:52:55","modified_gmt":"2024-12-17T16:52:55","slug":"salon-de-lademe-a-laval-a-la-decouverte-des-vehicules-legers-intermediaires","status":"publish","type":"post","link":"https:\/\/www.evearly.news\/fr\/salon-de-lademe-a-laval-a-la-decouverte-des-vehicules-legers-intermediaires\/","title":{"rendered":"Salon de l\u2019Ademe \u00e0 Laval : \u00e0 la d\u00e9couverte des V\u00c9hicules L\u00e9gers Interm\u00e9diaires"},"content":{"rendered":"<p><img decoding=\"async\" width=\"500\" height=\"333\" src=\"https:\/\/www.evearly.news\/fr\/wp-content\/uploads\/sites\/6\/2024\/12\/salon-de-lademe-a-laval-a-la-decouverte-des-vehicules-legers-intermediaires.jpg\" class=\"attachment-1200x800 size-1200x800 wp-post-image\" alt=\"\" loading=\"lazy\" srcset=\"https:\/\/www.evearly.news\/fr\/wp-content\/uploads\/sites\/6\/2024\/12\/salon-de-lademe-a-laval-a-la-decouverte-des-vehicules-legers-intermediaires.jpg 2000w, https:\/\/www.evearly.news\/fr\/wp-content\/uploads\/sites\/6\/2024\/12\/salon-de-lademe-a-laval-a-la-decouverte-des-vehicules-legers-intermediaires-1.jpg 1640w, https:\/\/www.evearly.news\/fr\/wp-content\/uploads\/sites\/6\/2024\/12\/salon-de-lademe-a-laval-a-la-decouverte-des-vehicules-legers-intermediaires-2.jpg 1024w, https:\/\/www.evearly.news\/fr\/wp-content\/uploads\/sites\/6\/2024\/12\/salon-de-lademe-a-laval-a-la-decouverte-des-vehicules-legers-intermediaires-3.jpg 768w, https:\/\/www.evearly.news\/fr\/wp-content\/uploads\/sites\/6\/2024\/12\/salon-de-lademe-a-laval-a-la-decouverte-des-vehicules-legers-intermediaires-4.jpg 1536w, https:\/\/cdn.automobile-propre.com\/uploads\/2024\/12\/Salon-Laval-2024-V2-4_3-551x413.jpg 551w\" sizes=\"auto, (max-width: 1067px) 100vw, 1067px\" \/><br \/>\n\ufeff Entre le v\u00e9lo, et la voiture ou le fourgon, il y a de la place pour toute une gamme\u2026\u00a0<a href=https:\/\/www.automobile-propre.com\/articles\/salon-de-lademe-a-laval-a-la-decouverte-des-vehicules-legers-intermediaires\/ target='bwindow'>Lire la suite&#8230;<\/a><\/p>\n","protected":false},"excerpt":{"rendered":"<p>&#8230; <a class=\"continue-reading-link\" href=\"https:\/\/www.evearly.news\/fr\/salon-de-lademe-a-laval-a-la-decouverte-des-vehicules-legers-intermediaires\/\"><\/a><\/p>\n","protected":false},"author":8,"featured_media":293302,"comment_status":"closed","ping_status":"open","sticky":false,"template":"Default","format":"standard","meta":{"footnotes":""},"categories":[8],"tags":[],"class_list":["post-293301","post","type-post","status-publish","format-standard","has-post-thumbnail","hentry","category-automobile-propre"],"_links":{"self":[{"href":"https:\/\/www.evearly.news\/fr\/wp-json\/wp\/v2\/posts\/293301","targetHints":{"allow":["GET"]}}],"collection":[{"href":"https:\/\/www.evearly.news\/fr\/wp-json\/wp\/v2\/posts"}],"about":[{"href":"https:\/\/www.evearly.news\/fr\/wp-json\/wp\/v2\/types\/post"}],"author":[{"embeddable":true,"href":"https:\/\/www.evearly.news\/fr\/wp-json\/wp\/v2\/users\/8"}],"replies":[{"embeddable":true,"href":"https:\/\/www.evearly.news\/fr\/wp-json\/wp\/v2\/comments?post=293301"}],"version-history":[{"count":0,"href":"https:\/\/www.evearly.news\/fr\/wp-json\/wp\/v2\/posts\/293301\/revisions"}],"wp:featuredmedia":[{"embeddable":true,"href":"https:\/\/www.evearly.news\/fr\/wp-json\/wp\/v2\/media\/293302"}],"wp:attachment":[{"href":"https:\/\/www.evearly.news\/fr\/wp-json\/wp\/v2\/media?parent=293301"}],"wp:term":[{"taxonomy":"category","embeddable":true,"href":"https:\/\/www.evearly.news\/fr\/wp-json\/wp\/v2\/categories?post=293301"},{"taxonomy":"post_tag","embeddable":true,"href":"https:\/\/www.evearly.news\/fr\/wp-json\/wp\/v2\/tags?post=293301"}],"curies":[{"name":"wp","href":"https:\/\/api.w.org\/{rel}","templated":true}]}}