{"id":293307,"date":"2024-12-17T18:59:31","date_gmt":"2024-12-17T17:59:31","guid":{"rendered":"https:\/\/www.evearly.news\/fr\/skoda-va-augmenter-lautonomie-de-lune-des-voitures-electriques-les-plus-vendues-en-europe\/"},"modified":"2024-12-17T18:59:31","modified_gmt":"2024-12-17T17:59:31","slug":"skoda-va-augmenter-lautonomie-de-lune-des-voitures-electriques-les-plus-vendues-en-europe","status":"publish","type":"post","link":"https:\/\/www.evearly.news\/fr\/skoda-va-augmenter-lautonomie-de-lune-des-voitures-electriques-les-plus-vendues-en-europe\/","title":{"rendered":"Skoda va augmenter l\u2019autonomie de l\u2019une des voitures \u00e9lectriques les plus vendues en Europe"},"content":{"rendered":"<p><img width=\"1200\" height=\"653\" src=\"https:\/\/www.evearly.news\/fr\/wp-content\/uploads\/sites\/6\/2024\/12\/skoda-va-augmenter-lautonomie-de-lune-des-voitures-electriques-les-plus-vendues-en-europe.jpg\" class=\"attachment-large size-large wp-post-image\" alt=\"\" decoding=\"async\" loading=\"lazy\" \/<br \/>\nL&rsquo;ann\u00e9e 2025 commencera sur les chapeaux de roue pour Skoda. Apr\u00e8s le lancement du nouvel Elroq fin 2024, le constructeur tch\u00e8que va mettre \u00e0 jour son SUV \u00e9lectrique Enyaq avec, au programme, une nouvelle face avant et un nouvel esprit plus baroudeur.<br \/>\n <a href=https:\/\/www.frandroid.com\/marques\/skoda\/2443958_skoda-va-augmenter-lautonomie-de-lune-des-voitures-electriques-les-plus-vendues-en-europe target='bwindow'>Lire la suite&#8230;<\/a><\/p>\n","protected":false},"excerpt":{"rendered":"<p>&lt;img width=&quot;1200&quot; height=&quot;653&quot; src=&quot;https:\/\/www.evearly.news\/fr\/wp-content\/uploads\/sites\/6\/2024\/12\/skoda-va-augmenter-lautonomie-de-lune-des-voitures-electriques-les-plus-vendues-en-europe.jpg&quot; class=&quot;attachment-large size-large wp-post-image&quot; alt=&quot;&quot; decoding=&quot;async&quot; loading=&quot;lazy&quot; \/<br \/>\nL&rsquo;ann\u00e9e 2025 commencera sur les chapeaux de roue pour Skoda. Apr\u00e8s le lancement du nouvel Elroq fin 2024, le constructeur tch\u00e8que va mettre \u00e0 jour son SUV \u00e9lectrique Enyaq avec, au programme, une nouvelle face avant et un nouvel esprit plus baroudeur.\n<\/p>\n<p> <a class=\"continue-reading-link\" href=\"https:\/\/www.evearly.news\/fr\/skoda-va-augmenter-lautonomie-de-lune-des-voitures-electriques-les-plus-vendues-en-europe\/\"><\/a><\/p>\n","protected":false},"author":6,"featured_media":293308,"comment_status":"closed","ping_status":"open","sticky":false,"template":"Default","format":"standard","meta":{"footnotes":""},"categories":[14],"tags":[],"class_list":["post-293307","post","type-post","status-publish","format-standard","has-post-thumbnail","hentry","category-frandroid"],"_links":{"self":[{"href":"https:\/\/www.evearly.news\/fr\/wp-json\/wp\/v2\/posts\/293307","targetHints":{"allow":["GET"]}}],"collection":[{"href":"https:\/\/www.evearly.news\/fr\/wp-json\/wp\/v2\/posts"}],"about":[{"href":"https:\/\/www.evearly.news\/fr\/wp-json\/wp\/v2\/types\/post"}],"author":[{"embeddable":true,"href":"https:\/\/www.evearly.news\/fr\/wp-json\/wp\/v2\/users\/6"}],"replies":[{"embeddable":true,"href":"https:\/\/www.evearly.news\/fr\/wp-json\/wp\/v2\/comments?post=293307"}],"version-history":[{"count":0,"href":"https:\/\/www.evearly.news\/fr\/wp-json\/wp\/v2\/posts\/293307\/revisions"}],"wp:featuredmedia":[{"embeddable":true,"href":"https:\/\/www.evearly.news\/fr\/wp-json\/wp\/v2\/media\/293308"}],"wp:attachment":[{"href":"https:\/\/www.evearly.news\/fr\/wp-json\/wp\/v2\/media?parent=293307"}],"wp:term":[{"taxonomy":"category","embeddable":true,"href":"https:\/\/www.evearly.news\/fr\/wp-json\/wp\/v2\/categories?post=293307"},{"taxonomy":"post_tag","embeddable":true,"href":"https:\/\/www.evearly.news\/fr\/wp-json\/wp\/v2\/tags?post=293307"}],"curies":[{"name":"wp","href":"https:\/\/api.w.org\/{rel}","templated":true}]}}