{"id":293355,"date":"2024-12-18T13:21:40","date_gmt":"2024-12-18T12:21:40","guid":{"rendered":"https:\/\/www.evearly.news\/fr\/zeekr-7x-le-suv-electrique-chinois-arrive-en-europe-pour-defier-le-tesla-model-y\/"},"modified":"2024-12-18T13:21:40","modified_gmt":"2024-12-18T12:21:40","slug":"zeekr-7x-le-suv-electrique-chinois-arrive-en-europe-pour-defier-le-tesla-model-y","status":"publish","type":"post","link":"https:\/\/www.evearly.news\/fr\/zeekr-7x-le-suv-electrique-chinois-arrive-en-europe-pour-defier-le-tesla-model-y\/","title":{"rendered":"Zeekr 7X : le SUV \u00e9lectrique chinois arrive en Europe pour d\u00e9fier le Tesla Model Y"},"content":{"rendered":"<p><img decoding=\"async\" width=\"500\" height=\"333\" src=\"https:\/\/www.evearly.news\/fr\/wp-content\/uploads\/sites\/6\/2024\/12\/zeekr-7x-le-suv-electrique-chinois-arrive-en-europe-pour-defier-le-tesla-model-y.jpg\" class=\"attachment-1200x800 size-1200x800 wp-post-image\" alt=\"Zeekr 7X\" loading=\"lazy\" srcset=\"https:\/\/www.evearly.news\/fr\/wp-content\/uploads\/sites\/6\/2024\/12\/zeekr-7x-le-suv-electrique-chinois-arrive-en-europe-pour-defier-le-tesla-model-y.jpg 1536w, https:\/\/www.evearly.news\/fr\/wp-content\/uploads\/sites\/6\/2024\/12\/zeekr-7x-le-suv-electrique-chinois-arrive-en-europe-pour-defier-le-tesla-model-y-1.jpg 1024w, https:\/\/www.evearly.news\/fr\/wp-content\/uploads\/sites\/6\/2024\/12\/zeekr-7x-le-suv-electrique-chinois-arrive-en-europe-pour-defier-le-tesla-model-y-2.jpg 140w, https:\/\/www.evearly.news\/fr\/wp-content\/uploads\/sites\/6\/2024\/12\/zeekr-7x-le-suv-electrique-chinois-arrive-en-europe-pour-defier-le-tesla-model-y-3.jpg 768w, https:\/\/www.evearly.news\/fr\/wp-content\/uploads\/sites\/6\/2024\/12\/zeekr-7x-le-suv-electrique-chinois-arrive-en-europe-pour-defier-le-tesla-model-y-4.jpg 620w, https:\/\/www.evearly.news\/fr\/wp-content\/uploads\/sites\/6\/2024\/12\/zeekr-7x-le-suv-electrique-chinois-arrive-en-europe-pour-defier-le-tesla-model-y-5.jpg 100w, https:\/\/www.evearly.news\/fr\/wp-content\/uploads\/sites\/6\/2024\/12\/zeekr-7x-le-suv-electrique-chinois-arrive-en-europe-pour-defier-le-tesla-model-y-6.jpg 190w, https:\/\/www.evearly.news\/fr\/wp-content\/uploads\/sites\/6\/2024\/12\/zeekr-7x-le-suv-electrique-chinois-arrive-en-europe-pour-defier-le-tesla-model-y-7.jpg 600w, https:\/\/cdn.automobile-propre.com\/uploads\/2024\/12\/Zeekr-7X_01.jpeg 1600w\" sizes=\"auto, (max-width: 1200px) 100vw, 1200px\" \/><br \/>\nTout juste lanc\u00e9 en Chine o\u00f9 il rencontre un vif succ\u00e8s, le SUV \u00e9lectrique de Zeekr arrive en Europe. Ce\u2026\u00a0<a href=https:\/\/www.automobile-propre.com\/articles\/zeekr-7x-le-suv-electrique-chinois-arrive-en-europe-pour-defier-le-tesla-model-y\/ target='bwindow'>Lire la suite&#8230;<\/a><\/p>\n","protected":false},"excerpt":{"rendered":"<p>&#8230; <a class=\"continue-reading-link\" href=\"https:\/\/www.evearly.news\/fr\/zeekr-7x-le-suv-electrique-chinois-arrive-en-europe-pour-defier-le-tesla-model-y\/\"><\/a><\/p>\n","protected":false},"author":8,"featured_media":293356,"comment_status":"closed","ping_status":"open","sticky":false,"template":"Default","format":"standard","meta":{"footnotes":""},"categories":[8],"tags":[],"class_list":["post-293355","post","type-post","status-publish","format-standard","has-post-thumbnail","hentry","category-automobile-propre"],"_links":{"self":[{"href":"https:\/\/www.evearly.news\/fr\/wp-json\/wp\/v2\/posts\/293355","targetHints":{"allow":["GET"]}}],"collection":[{"href":"https:\/\/www.evearly.news\/fr\/wp-json\/wp\/v2\/posts"}],"about":[{"href":"https:\/\/www.evearly.news\/fr\/wp-json\/wp\/v2\/types\/post"}],"author":[{"embeddable":true,"href":"https:\/\/www.evearly.news\/fr\/wp-json\/wp\/v2\/users\/8"}],"replies":[{"embeddable":true,"href":"https:\/\/www.evearly.news\/fr\/wp-json\/wp\/v2\/comments?post=293355"}],"version-history":[{"count":0,"href":"https:\/\/www.evearly.news\/fr\/wp-json\/wp\/v2\/posts\/293355\/revisions"}],"wp:featuredmedia":[{"embeddable":true,"href":"https:\/\/www.evearly.news\/fr\/wp-json\/wp\/v2\/media\/293356"}],"wp:attachment":[{"href":"https:\/\/www.evearly.news\/fr\/wp-json\/wp\/v2\/media?parent=293355"}],"wp:term":[{"taxonomy":"category","embeddable":true,"href":"https:\/\/www.evearly.news\/fr\/wp-json\/wp\/v2\/categories?post=293355"},{"taxonomy":"post_tag","embeddable":true,"href":"https:\/\/www.evearly.news\/fr\/wp-json\/wp\/v2\/tags?post=293355"}],"curies":[{"name":"wp","href":"https:\/\/api.w.org\/{rel}","templated":true}]}}