{"id":293367,"date":"2024-12-18T14:58:59","date_gmt":"2024-12-18T13:58:59","guid":{"rendered":"https:\/\/www.evearly.news\/fr\/ces-voitures-thermiques-qui-jouent-les-prolongations-alors-que-ca-netait-pas-prevu\/"},"modified":"2024-12-18T14:58:59","modified_gmt":"2024-12-18T13:58:59","slug":"ces-voitures-thermiques-qui-jouent-les-prolongations-alors-que-ca-netait-pas-prevu","status":"publish","type":"post","link":"https:\/\/www.evearly.news\/fr\/ces-voitures-thermiques-qui-jouent-les-prolongations-alors-que-ca-netait-pas-prevu\/","title":{"rendered":"Ces voitures thermiques qui jouent les prolongations alors que \u00e7a n&rsquo;\u00e9tait pas pr\u00e9vu"},"content":{"rendered":"<div class=\"media_block\"><img decoding=\"async\" src=\"https:\/\/www.evearly.news\/fr\/wp-content\/uploads\/sites\/6\/2024\/12\/ces-voitures-thermiques-qui-jouent-les-prolongations-alors-que-ca-netait-pas-prevu.jpg\"><\/div>\n<p>Il fut un temps o\u00f9 la messe semblait \u00eatre dite pour les v\u00e9hicules thermiques bannis des usines \u00e0 partir de 2035. Mais face \u00e0 la r\u00e9alit\u00e9 du march\u00e9, les ventes des \u00e9lectriques sont en nette baisse, les constructeurs ont d\u00fb \u00e0 la h\u00e2te revoir leurs plans quitte \u00e0 r\u00e9trop\u00e9daler pour certains ou prolonger la dur\u00e9e de vie de certains de leurs mod\u00e8les pour d\u2019autres. <a href=https:\/\/www.automobile-magazine.fr\/toute-l-actualite\/article\/46017-ces-voitures-thermiques-qui-jouent-les-prolongations-alors-que-ca-netait-pas-prevu target='bwindow'>Lire la suite&#8230;<\/a><\/p>\n","protected":false},"excerpt":{"rendered":"<div class=\"media_block\"><img decoding=\"async\" src=\"https:\/\/www.evearly.news\/fr\/wp-content\/uploads\/sites\/6\/2024\/12\/ces-voitures-thermiques-qui-jouent-les-prolongations-alors-que-ca-netait-pas-prevu.jpg\"><\/div>\n<p> <a class=\"continue-reading-link\" href=\"https:\/\/www.evearly.news\/fr\/ces-voitures-thermiques-qui-jouent-les-prolongations-alors-que-ca-netait-pas-prevu\/\"><\/a><\/p>\n","protected":false},"author":7,"featured_media":293368,"comment_status":"closed","ping_status":"open","sticky":false,"template":"Default","format":"standard","meta":{"footnotes":""},"categories":[7],"tags":[],"class_list":["post-293367","post","type-post","status-publish","format-standard","has-post-thumbnail","hentry","category-automobile-magazine"],"_links":{"self":[{"href":"https:\/\/www.evearly.news\/fr\/wp-json\/wp\/v2\/posts\/293367","targetHints":{"allow":["GET"]}}],"collection":[{"href":"https:\/\/www.evearly.news\/fr\/wp-json\/wp\/v2\/posts"}],"about":[{"href":"https:\/\/www.evearly.news\/fr\/wp-json\/wp\/v2\/types\/post"}],"author":[{"embeddable":true,"href":"https:\/\/www.evearly.news\/fr\/wp-json\/wp\/v2\/users\/7"}],"replies":[{"embeddable":true,"href":"https:\/\/www.evearly.news\/fr\/wp-json\/wp\/v2\/comments?post=293367"}],"version-history":[{"count":0,"href":"https:\/\/www.evearly.news\/fr\/wp-json\/wp\/v2\/posts\/293367\/revisions"}],"wp:featuredmedia":[{"embeddable":true,"href":"https:\/\/www.evearly.news\/fr\/wp-json\/wp\/v2\/media\/293368"}],"wp:attachment":[{"href":"https:\/\/www.evearly.news\/fr\/wp-json\/wp\/v2\/media?parent=293367"}],"wp:term":[{"taxonomy":"category","embeddable":true,"href":"https:\/\/www.evearly.news\/fr\/wp-json\/wp\/v2\/categories?post=293367"},{"taxonomy":"post_tag","embeddable":true,"href":"https:\/\/www.evearly.news\/fr\/wp-json\/wp\/v2\/tags?post=293367"}],"curies":[{"name":"wp","href":"https:\/\/api.w.org\/{rel}","templated":true}]}}