{"id":293375,"date":"2024-12-18T17:21:23","date_gmt":"2024-12-18T16:21:23","guid":{"rendered":"https:\/\/www.evearly.news\/fr\/le-hyundai-inster-est-fabrique-en-coree-mais-a-bien-droit-au-bonus-ecologique-son-prix-baisse\/"},"modified":"2024-12-18T17:21:23","modified_gmt":"2024-12-18T16:21:23","slug":"le-hyundai-inster-est-fabrique-en-coree-mais-a-bien-droit-au-bonus-ecologique-son-prix-baisse","status":"publish","type":"post","link":"https:\/\/www.evearly.news\/fr\/le-hyundai-inster-est-fabrique-en-coree-mais-a-bien-droit-au-bonus-ecologique-son-prix-baisse\/","title":{"rendered":"Le Hyundai Inster est fabriqu\u00e9 en Cor\u00e9e, mais a bien droit au bonus \u00e9cologique, son prix baisse !"},"content":{"rendered":"<div class=\"media_block\"><img decoding=\"async\" src=\"https:\/\/www.evearly.news\/fr\/wp-content\/uploads\/sites\/6\/2024\/12\/le-hyundai-inster-est-fabrique-en-coree-mais-a-bien-droit-au-bonus-ecologique-son-prix-baisse.jpg\"><\/div>\n<p>Bonne nouvelle pour Hyundai qui vient de recevoir l\u2019approbation de l\u2019Etat fran\u00e7ais pour que son nouvel Inster ait droit au bonus \u00e9cologique. <a href=https:\/\/www.automobile-magazine.fr\/voitures-electriques\/article\/46024-le-hyundai-inster-est-fabrique-en-coree-mais-a-bien-droit-au-bonus-ecologique-son-prix-baisse target='bwindow'>Lire la suite&#8230;<\/a><\/p>\n","protected":false},"excerpt":{"rendered":"<div class=\"media_block\"><img decoding=\"async\" src=\"https:\/\/www.evearly.news\/fr\/wp-content\/uploads\/sites\/6\/2024\/12\/le-hyundai-inster-est-fabrique-en-coree-mais-a-bien-droit-au-bonus-ecologique-son-prix-baisse.jpg\"><\/div>\n<p> <a class=\"continue-reading-link\" href=\"https:\/\/www.evearly.news\/fr\/le-hyundai-inster-est-fabrique-en-coree-mais-a-bien-droit-au-bonus-ecologique-son-prix-baisse\/\"><\/a><\/p>\n","protected":false},"author":7,"featured_media":293376,"comment_status":"closed","ping_status":"open","sticky":false,"template":"Default","format":"standard","meta":{"footnotes":""},"categories":[7],"tags":[],"class_list":["post-293375","post","type-post","status-publish","format-standard","has-post-thumbnail","hentry","category-automobile-magazine"],"_links":{"self":[{"href":"https:\/\/www.evearly.news\/fr\/wp-json\/wp\/v2\/posts\/293375","targetHints":{"allow":["GET"]}}],"collection":[{"href":"https:\/\/www.evearly.news\/fr\/wp-json\/wp\/v2\/posts"}],"about":[{"href":"https:\/\/www.evearly.news\/fr\/wp-json\/wp\/v2\/types\/post"}],"author":[{"embeddable":true,"href":"https:\/\/www.evearly.news\/fr\/wp-json\/wp\/v2\/users\/7"}],"replies":[{"embeddable":true,"href":"https:\/\/www.evearly.news\/fr\/wp-json\/wp\/v2\/comments?post=293375"}],"version-history":[{"count":0,"href":"https:\/\/www.evearly.news\/fr\/wp-json\/wp\/v2\/posts\/293375\/revisions"}],"wp:featuredmedia":[{"embeddable":true,"href":"https:\/\/www.evearly.news\/fr\/wp-json\/wp\/v2\/media\/293376"}],"wp:attachment":[{"href":"https:\/\/www.evearly.news\/fr\/wp-json\/wp\/v2\/media?parent=293375"}],"wp:term":[{"taxonomy":"category","embeddable":true,"href":"https:\/\/www.evearly.news\/fr\/wp-json\/wp\/v2\/categories?post=293375"},{"taxonomy":"post_tag","embeddable":true,"href":"https:\/\/www.evearly.news\/fr\/wp-json\/wp\/v2\/tags?post=293375"}],"curies":[{"name":"wp","href":"https:\/\/api.w.org\/{rel}","templated":true}]}}