{"id":293718,"date":"2024-12-26T08:52:52","date_gmt":"2024-12-26T07:52:52","guid":{"rendered":"https:\/\/www.evearly.news\/fr\/camions-electriques-tesla-livre-son-semi-a-un-nouveau-client-qui-confirme-son-efficacite\/"},"modified":"2024-12-26T08:52:52","modified_gmt":"2024-12-26T07:52:52","slug":"camions-electriques-tesla-livre-son-semi-a-un-nouveau-client-qui-confirme-son-efficacite","status":"publish","type":"post","link":"https:\/\/www.evearly.news\/fr\/camions-electriques-tesla-livre-son-semi-a-un-nouveau-client-qui-confirme-son-efficacite\/","title":{"rendered":"Camions \u00e9lectriques : Tesla livre son Semi \u00e0 un nouveau client, qui confirme son efficacit\u00e9"},"content":{"rendered":"<p><img decoding=\"async\" width=\"500\" height=\"333\" src=\"https:\/\/www.evearly.news\/fr\/wp-content\/uploads\/sites\/6\/2024\/12\/camions-electriques-tesla-livre-son-semi-a-un-nouveau-client-qui-confirme-son-efficacite.webp\" class=\"attachment-1200x800 size-1200x800 wp-post-image\" alt=\"\" loading=\"lazy\" srcset=\"https:\/\/www.evearly.news\/fr\/wp-content\/uploads\/sites\/6\/2024\/12\/camions-electriques-tesla-livre-son-semi-a-un-nouveau-client-qui-confirme-son-efficacite.webp 1920w, https:\/\/www.evearly.news\/fr\/wp-content\/uploads\/sites\/6\/2024\/12\/camions-electriques-tesla-livre-son-semi-a-un-nouveau-client-qui-confirme-son-efficacite-1.webp 1640w, https:\/\/www.evearly.news\/fr\/wp-content\/uploads\/sites\/6\/2024\/12\/camions-electriques-tesla-livre-son-semi-a-un-nouveau-client-qui-confirme-son-efficacite-2.webp 1024w, https:\/\/www.evearly.news\/fr\/wp-content\/uploads\/sites\/6\/2024\/12\/camions-electriques-tesla-livre-son-semi-a-un-nouveau-client-qui-confirme-son-efficacite-3.webp 768w, https:\/\/www.evearly.news\/fr\/wp-content\/uploads\/sites\/6\/2024\/12\/camions-electriques-tesla-livre-son-semi-a-un-nouveau-client-qui-confirme-son-efficacite-4.webp 1536w, https:\/\/cdn.automobile-propre.com\/uploads\/2024\/12\/IMG_0221-620x349.webp 620w\" sizes=\"auto, (max-width: 1200px) 100vw, 1200px\" \/><br \/>\nLes livraisons du Tesla Semi sont rares. Mais quelques clients ont tout de m\u00eame le privil\u00e8ge de recevoir leurs camions\u2026\u00a0<a href=https:\/\/www.automobile-propre.com\/articles\/camions-electriques-tesla-livre-son-semi-a-un-nouveau-client-qui-confirme-son-efficacite\/ target='bwindow'>Lire la suite&#8230;<\/a><\/p>\n","protected":false},"excerpt":{"rendered":"<p>&#8230; <a class=\"continue-reading-link\" href=\"https:\/\/www.evearly.news\/fr\/camions-electriques-tesla-livre-son-semi-a-un-nouveau-client-qui-confirme-son-efficacite\/\"><\/a><\/p>\n","protected":false},"author":8,"featured_media":293719,"comment_status":"closed","ping_status":"open","sticky":false,"template":"Default","format":"standard","meta":{"footnotes":""},"categories":[8],"tags":[],"class_list":["post-293718","post","type-post","status-publish","format-standard","has-post-thumbnail","hentry","category-automobile-propre"],"_links":{"self":[{"href":"https:\/\/www.evearly.news\/fr\/wp-json\/wp\/v2\/posts\/293718","targetHints":{"allow":["GET"]}}],"collection":[{"href":"https:\/\/www.evearly.news\/fr\/wp-json\/wp\/v2\/posts"}],"about":[{"href":"https:\/\/www.evearly.news\/fr\/wp-json\/wp\/v2\/types\/post"}],"author":[{"embeddable":true,"href":"https:\/\/www.evearly.news\/fr\/wp-json\/wp\/v2\/users\/8"}],"replies":[{"embeddable":true,"href":"https:\/\/www.evearly.news\/fr\/wp-json\/wp\/v2\/comments?post=293718"}],"version-history":[{"count":0,"href":"https:\/\/www.evearly.news\/fr\/wp-json\/wp\/v2\/posts\/293718\/revisions"}],"wp:featuredmedia":[{"embeddable":true,"href":"https:\/\/www.evearly.news\/fr\/wp-json\/wp\/v2\/media\/293719"}],"wp:attachment":[{"href":"https:\/\/www.evearly.news\/fr\/wp-json\/wp\/v2\/media?parent=293718"}],"wp:term":[{"taxonomy":"category","embeddable":true,"href":"https:\/\/www.evearly.news\/fr\/wp-json\/wp\/v2\/categories?post=293718"},{"taxonomy":"post_tag","embeddable":true,"href":"https:\/\/www.evearly.news\/fr\/wp-json\/wp\/v2\/tags?post=293718"}],"curies":[{"name":"wp","href":"https:\/\/api.w.org\/{rel}","templated":true}]}}