{"id":293722,"date":"2024-12-26T10:21:34","date_gmt":"2024-12-26T09:21:34","guid":{"rendered":"https:\/\/www.evearly.news\/fr\/voitures-electriques-la-construction-de-lusine-byd-au-bresil-suspendue-pour-de-sombres-raisons\/"},"modified":"2024-12-26T10:21:34","modified_gmt":"2024-12-26T09:21:34","slug":"voitures-electriques-la-construction-de-lusine-byd-au-bresil-suspendue-pour-de-sombres-raisons","status":"publish","type":"post","link":"https:\/\/www.evearly.news\/fr\/voitures-electriques-la-construction-de-lusine-byd-au-bresil-suspendue-pour-de-sombres-raisons\/","title":{"rendered":"Voitures \u00e9lectriques : la construction de l\u2019usine BYD au Br\u00e9sil suspendue pour de sombres raisons"},"content":{"rendered":"<p><img decoding=\"async\" width=\"500\" height=\"333\" src=\"https:\/\/www.evearly.news\/fr\/wp-content\/uploads\/sites\/6\/2024\/12\/voitures-electriques-la-construction-de-lusine-byd-au-bresil-suspendue-pour-de-sombres-raisons.jpg\" class=\"attachment-1200x800 size-1200x800 wp-post-image\" alt=\"\" loading=\"lazy\" srcset=\"https:\/\/www.evearly.news\/fr\/wp-content\/uploads\/sites\/6\/2024\/12\/voitures-electriques-la-construction-de-lusine-byd-au-bresil-suspendue-pour-de-sombres-raisons.jpg 1536w, https:\/\/www.evearly.news\/fr\/wp-content\/uploads\/sites\/6\/2024\/12\/voitures-electriques-la-construction-de-lusine-byd-au-bresil-suspendue-pour-de-sombres-raisons-1.jpg 1640w, https:\/\/www.evearly.news\/fr\/wp-content\/uploads\/sites\/6\/2024\/12\/voitures-electriques-la-construction-de-lusine-byd-au-bresil-suspendue-pour-de-sombres-raisons-2.jpg 1024w, https:\/\/www.evearly.news\/fr\/wp-content\/uploads\/sites\/6\/2024\/12\/voitures-electriques-la-construction-de-lusine-byd-au-bresil-suspendue-pour-de-sombres-raisons-3.jpg 140w, https:\/\/www.evearly.news\/fr\/wp-content\/uploads\/sites\/6\/2024\/12\/voitures-electriques-la-construction-de-lusine-byd-au-bresil-suspendue-pour-de-sombres-raisons-4.jpg 768w, https:\/\/www.evearly.news\/fr\/wp-content\/uploads\/sites\/6\/2024\/12\/voitures-electriques-la-construction-de-lusine-byd-au-bresil-suspendue-pour-de-sombres-raisons-5.jpg 620w, https:\/\/www.evearly.news\/fr\/wp-content\/uploads\/sites\/6\/2024\/12\/voitures-electriques-la-construction-de-lusine-byd-au-bresil-suspendue-pour-de-sombres-raisons-6.jpg 100w, https:\/\/www.evearly.news\/fr\/wp-content\/uploads\/sites\/6\/2024\/12\/voitures-electriques-la-construction-de-lusine-byd-au-bresil-suspendue-pour-de-sombres-raisons-7.jpg 190w, https:\/\/www.evearly.news\/fr\/wp-content\/uploads\/sites\/6\/2024\/12\/voitures-electriques-la-construction-de-lusine-byd-au-bresil-suspendue-pour-de-sombres-raisons-8.jpg 600w, https:\/\/cdn.automobile-propre.com\/uploads\/2024\/12\/byd-bresil-2.jpg 1920w\" sizes=\"auto, (max-width: 1200px) 100vw, 1200px\" \/><br \/>\nLa construction de la nouvelle usine de BYD au Br\u00e9sil a soudainement \u00e9t\u00e9 interrompue lundi 23 d\u00e9cembre. La firme de\u2026\u00a0<a href=https:\/\/www.automobile-propre.com\/articles\/voitures-electriques-pourquoi-la-construction-de-lusine-byd-au-bresil-a-t-elle-ete-suspendue\/ target='bwindow'>Lire la suite&#8230;<\/a><\/p>\n","protected":false},"excerpt":{"rendered":"<p>&#8230; <a class=\"continue-reading-link\" href=\"https:\/\/www.evearly.news\/fr\/voitures-electriques-la-construction-de-lusine-byd-au-bresil-suspendue-pour-de-sombres-raisons\/\"><\/a><\/p>\n","protected":false},"author":8,"featured_media":293723,"comment_status":"closed","ping_status":"open","sticky":false,"template":"Default","format":"standard","meta":{"footnotes":""},"categories":[8],"tags":[],"class_list":["post-293722","post","type-post","status-publish","format-standard","has-post-thumbnail","hentry","category-automobile-propre"],"_links":{"self":[{"href":"https:\/\/www.evearly.news\/fr\/wp-json\/wp\/v2\/posts\/293722","targetHints":{"allow":["GET"]}}],"collection":[{"href":"https:\/\/www.evearly.news\/fr\/wp-json\/wp\/v2\/posts"}],"about":[{"href":"https:\/\/www.evearly.news\/fr\/wp-json\/wp\/v2\/types\/post"}],"author":[{"embeddable":true,"href":"https:\/\/www.evearly.news\/fr\/wp-json\/wp\/v2\/users\/8"}],"replies":[{"embeddable":true,"href":"https:\/\/www.evearly.news\/fr\/wp-json\/wp\/v2\/comments?post=293722"}],"version-history":[{"count":0,"href":"https:\/\/www.evearly.news\/fr\/wp-json\/wp\/v2\/posts\/293722\/revisions"}],"wp:featuredmedia":[{"embeddable":true,"href":"https:\/\/www.evearly.news\/fr\/wp-json\/wp\/v2\/media\/293723"}],"wp:attachment":[{"href":"https:\/\/www.evearly.news\/fr\/wp-json\/wp\/v2\/media?parent=293722"}],"wp:term":[{"taxonomy":"category","embeddable":true,"href":"https:\/\/www.evearly.news\/fr\/wp-json\/wp\/v2\/categories?post=293722"},{"taxonomy":"post_tag","embeddable":true,"href":"https:\/\/www.evearly.news\/fr\/wp-json\/wp\/v2\/tags?post=293722"}],"curies":[{"name":"wp","href":"https:\/\/api.w.org\/{rel}","templated":true}]}}