{"id":293814,"date":"2024-12-28T20:54:37","date_gmt":"2024-12-28T19:54:37","guid":{"rendered":"https:\/\/www.evearly.news\/fr\/un-nouveau-depot-de-bilan-dans-le-velo-electrique-hertz-se-debarrasse-de-ses-tesla-et-la-fusion-nissan-honda-recap-survoltes\/"},"modified":"2024-12-28T20:54:37","modified_gmt":"2024-12-28T19:54:37","slug":"un-nouveau-depot-de-bilan-dans-le-velo-electrique-hertz-se-debarrasse-de-ses-tesla-et-la-fusion-nissan-honda-recap-survoltes","status":"publish","type":"post","link":"https:\/\/www.evearly.news\/fr\/un-nouveau-depot-de-bilan-dans-le-velo-electrique-hertz-se-debarrasse-de-ses-tesla-et-la-fusion-nissan-honda-recap-survoltes\/","title":{"rendered":"Un nouveau d\u00e9p\u00f4t de bilan dans le v\u00e9lo \u00e9lectrique, Hertz se d\u00e9barrasse de ses Tesla et la fusion Nissan-Honda \u2013 R\u00e9cap\u2019 Survolt\u00e9s"},"content":{"rendered":"<p><img loading=\"lazy\" width=\"1200\" height=\"668\" src=\"https:\/\/www.evearly.news\/fr\/wp-content\/uploads\/sites\/6\/2024\/12\/un-nouveau-depot-de-bilan-dans-le-velo-electrique-hertz-se-debarrasse-de-ses-tesla-et-la-fusion-nissan-honda-recap-survoltes.jpg\" class=\"attachment-large size-large wp-post-image\" alt=\"\" decoding=\"async\" \/<br \/>\nCette derni\u00e8re semaine de 2024 fut loin d&rsquo;\u00eatre calme dans le domaine de la mobilit\u00e9 \u00e9lectrique. On a appris que l&rsquo;h\u00e9catombe dans le v\u00e9lo \u00e9lectrique continuait, qu&rsquo;Hertz ne savait plus quoi faire pour se s\u00e9parer de ses voitures \u00e9lectriques et que Honda et Nissan comptaient bien fusionner pour mieux r\u00e9sister. C&rsquo;est l&rsquo;heure du R\u00e9cap&rsquo; Survolt\u00e9s.<br \/>\n <a href=https:\/\/www.frandroid.com\/survoltes\/2452958_un-nouveau-depot-de-bilan-dans-le-velo-electrique-hertz-se-debarrasse-de-ses-tesla-et-la-fusion-nissan-honda-recap-survoltes target='bwindow'>Lire la suite&#8230;<\/a><\/p>\n","protected":false},"excerpt":{"rendered":"<p>&lt;img width=&quot;1200&quot; height=&quot;668&quot; src=&quot;https:\/\/www.evearly.news\/fr\/wp-content\/uploads\/sites\/6\/2024\/12\/un-nouveau-depot-de-bilan-dans-le-velo-electrique-hertz-se-debarrasse-de-ses-tesla-et-la-fusion-nissan-honda-recap-survoltes.jpg&quot; class=&quot;attachment-large size-large wp-post-image&quot; alt=&quot;&quot; decoding=&quot;async&quot; \/<br \/>\nCette derni\u00e8re semaine de 2024 fut loin d&rsquo;\u00eatre calme dans le domaine de la mobilit\u00e9 \u00e9lectrique. On a appris que l&rsquo;h\u00e9catombe dans le v\u00e9lo \u00e9lectrique continuait, qu&rsquo;Hertz ne savait plus quoi faire pour se s\u00e9parer de ses voitures \u00e9lectriques et que Honda et Nissan comptaient bien fusionner pour mieux r\u00e9sister. C&rsquo;est l&rsquo;heure du R\u00e9cap&rsquo; Survolt\u00e9s.\n<\/p>\n<p> <a class=\"continue-reading-link\" href=\"https:\/\/www.evearly.news\/fr\/un-nouveau-depot-de-bilan-dans-le-velo-electrique-hertz-se-debarrasse-de-ses-tesla-et-la-fusion-nissan-honda-recap-survoltes\/\"><\/a><\/p>\n","protected":false},"author":6,"featured_media":293815,"comment_status":"closed","ping_status":"open","sticky":false,"template":"Default","format":"standard","meta":{"footnotes":""},"categories":[14],"tags":[],"class_list":["post-293814","post","type-post","status-publish","format-standard","has-post-thumbnail","hentry","category-frandroid"],"_links":{"self":[{"href":"https:\/\/www.evearly.news\/fr\/wp-json\/wp\/v2\/posts\/293814","targetHints":{"allow":["GET"]}}],"collection":[{"href":"https:\/\/www.evearly.news\/fr\/wp-json\/wp\/v2\/posts"}],"about":[{"href":"https:\/\/www.evearly.news\/fr\/wp-json\/wp\/v2\/types\/post"}],"author":[{"embeddable":true,"href":"https:\/\/www.evearly.news\/fr\/wp-json\/wp\/v2\/users\/6"}],"replies":[{"embeddable":true,"href":"https:\/\/www.evearly.news\/fr\/wp-json\/wp\/v2\/comments?post=293814"}],"version-history":[{"count":0,"href":"https:\/\/www.evearly.news\/fr\/wp-json\/wp\/v2\/posts\/293814\/revisions"}],"wp:featuredmedia":[{"embeddable":true,"href":"https:\/\/www.evearly.news\/fr\/wp-json\/wp\/v2\/media\/293815"}],"wp:attachment":[{"href":"https:\/\/www.evearly.news\/fr\/wp-json\/wp\/v2\/media?parent=293814"}],"wp:term":[{"taxonomy":"category","embeddable":true,"href":"https:\/\/www.evearly.news\/fr\/wp-json\/wp\/v2\/categories?post=293814"},{"taxonomy":"post_tag","embeddable":true,"href":"https:\/\/www.evearly.news\/fr\/wp-json\/wp\/v2\/tags?post=293814"}],"curies":[{"name":"wp","href":"https:\/\/api.w.org\/{rel}","templated":true}]}}