{"id":294017,"date":"2025-01-03T10:30:55","date_gmt":"2025-01-03T09:30:55","guid":{"rendered":"https:\/\/www.evearly.news\/fr\/les-ventes-de-voitures-electriques-degringolent-en-france-malgre-le-leasing-social\/"},"modified":"2025-01-03T10:30:55","modified_gmt":"2025-01-03T09:30:55","slug":"les-ventes-de-voitures-electriques-degringolent-en-france-malgre-le-leasing-social","status":"publish","type":"post","link":"https:\/\/www.evearly.news\/fr\/les-ventes-de-voitures-electriques-degringolent-en-france-malgre-le-leasing-social\/","title":{"rendered":"Les ventes de voitures \u00e9lectriques d\u00e9gringolent en France malgr\u00e9 le leasing social"},"content":{"rendered":"<p><img loading=\"lazy\" width=\"1500\" height=\"1000\" src=\"https:\/\/www.evearly.news\/fr\/wp-content\/uploads\/sites\/6\/2025\/01\/les-ventes-de-voitures-electriques-degringolent-en-france-malgre-le-leasing-social.jpg\" class=\"attachment-full size-full wp-post-image\" alt=\"\u00eb-C3 Citro\u00ebn \u00e9lectrique\" decoding=\"async\" srcset=\"https:\/\/www.evearly.news\/fr\/wp-content\/uploads\/sites\/6\/2025\/01\/les-ventes-de-voitures-electriques-degringolent-en-france-malgre-le-leasing-social.jpg 1500w, https:\/\/www.evearly.news\/fr\/wp-content\/uploads\/sites\/6\/2025\/01\/les-ventes-de-voitures-electriques-degringolent-en-france-malgre-le-leasing-social-1.jpg 504w, https:\/\/www.evearly.news\/fr\/wp-content\/uploads\/sites\/6\/2025\/01\/les-ventes-de-voitures-electriques-degringolent-en-france-malgre-le-leasing-social-2.jpg 1024w, https:\/\/www.evearly.news\/fr\/wp-content\/uploads\/sites\/6\/2025\/01\/les-ventes-de-voitures-electriques-degringolent-en-france-malgre-le-leasing-social-3.jpg 50w, https:\/\/www.evearly.news\/fr\/wp-content\/uploads\/sites\/6\/2025\/01\/les-ventes-de-voitures-electriques-degringolent-en-france-malgre-le-leasing-social-4.jpg 336w, https:\/\/www.evearly.news\/fr\/wp-content\/uploads\/sites\/6\/2025\/01\/les-ventes-de-voitures-electriques-degringolent-en-france-malgre-le-leasing-social-5.jpg 1400w, https:\/\/www.evearly.news\/fr\/wp-content\/uploads\/sites\/6\/2025\/01\/les-ventes-de-voitures-electriques-degringolent-en-france-malgre-le-leasing-social-6.jpg 680w, https:\/\/www.presse-citron.net\/app\/uploads\/2024\/01\/S0-e-c3-deja-10-000-reservations-782973-896x597.jpg 896w\" sizes=\"auto, (max-width: 1500px) 100vw, 1500px\"><\/p>\n<p>Le march\u00e9 des voitures \u00e9lectriques subit un coup d\u2019arr\u00eat inattendu en France. En d\u00e9pit du dispositif de leasing social lanc\u00e9 d\u00e9but 2024, les immatriculations ont grandement recul\u00e9 sur l\u2019ann\u00e9e.<a href=\"https:\/\/www.presse-citron.net\/les-ventes-de-voitures-electriques-degringolent-en-france-malgre-le-leasing-social\/\" target=blank> Lire la suite&#8230;<\/a><\/p>\n","protected":false},"excerpt":{"rendered":"<p>Le march\u00e9 des voitures \u00e9lectriques subit un coup d\u2019arr\u00eat inattendu en France. En d\u00e9pit du dispositif de leasing social lanc\u00e9 d\u00e9but 2024, les immatriculations ont grandement recul\u00e9 sur l\u2019ann\u00e9e&#8230;. <a class=\"continue-reading-link\" href=\"https:\/\/www.evearly.news\/fr\/les-ventes-de-voitures-electriques-degringolent-en-france-malgre-le-leasing-social\/\"><\/a><\/p>\n","protected":false},"author":18,"featured_media":294018,"comment_status":"closed","ping_status":"open","sticky":false,"template":"Default","format":"standard","meta":{"footnotes":""},"categories":[19],"tags":[],"class_list":["post-294017","post","type-post","status-publish","format-standard","has-post-thumbnail","hentry","category-presse-citron"],"_links":{"self":[{"href":"https:\/\/www.evearly.news\/fr\/wp-json\/wp\/v2\/posts\/294017","targetHints":{"allow":["GET"]}}],"collection":[{"href":"https:\/\/www.evearly.news\/fr\/wp-json\/wp\/v2\/posts"}],"about":[{"href":"https:\/\/www.evearly.news\/fr\/wp-json\/wp\/v2\/types\/post"}],"author":[{"embeddable":true,"href":"https:\/\/www.evearly.news\/fr\/wp-json\/wp\/v2\/users\/18"}],"replies":[{"embeddable":true,"href":"https:\/\/www.evearly.news\/fr\/wp-json\/wp\/v2\/comments?post=294017"}],"version-history":[{"count":0,"href":"https:\/\/www.evearly.news\/fr\/wp-json\/wp\/v2\/posts\/294017\/revisions"}],"wp:featuredmedia":[{"embeddable":true,"href":"https:\/\/www.evearly.news\/fr\/wp-json\/wp\/v2\/media\/294018"}],"wp:attachment":[{"href":"https:\/\/www.evearly.news\/fr\/wp-json\/wp\/v2\/media?parent=294017"}],"wp:term":[{"taxonomy":"category","embeddable":true,"href":"https:\/\/www.evearly.news\/fr\/wp-json\/wp\/v2\/categories?post=294017"},{"taxonomy":"post_tag","embeddable":true,"href":"https:\/\/www.evearly.news\/fr\/wp-json\/wp\/v2\/tags?post=294017"}],"curies":[{"name":"wp","href":"https:\/\/api.w.org\/{rel}","templated":true}]}}