{"id":294019,"date":"2025-01-03T10:33:25","date_gmt":"2025-01-03T09:33:25","guid":{"rendered":"https:\/\/www.evearly.news\/fr\/la-nouvelle-tesla-model-y-restylee-roule-deja-en-europe\/"},"modified":"2025-01-03T10:33:25","modified_gmt":"2025-01-03T09:33:25","slug":"la-nouvelle-tesla-model-y-restylee-roule-deja-en-europe","status":"publish","type":"post","link":"https:\/\/www.evearly.news\/fr\/la-nouvelle-tesla-model-y-restylee-roule-deja-en-europe\/","title":{"rendered":"La nouvelle Tesla Model Y restyl\u00e9e roule d\u00e9j\u00e0 en Europe"},"content":{"rendered":"<p><img width=\"1196\" height=\"672\" src=\"https:\/\/www.evearly.news\/fr\/wp-content\/uploads\/sites\/6\/2025\/01\/la-nouvelle-tesla-model-y-restylee-roule-deja-en-europe.jpg\" class=\"attachment-large size-large wp-post-image\" alt=\"\" decoding=\"async\" loading=\"lazy\" \/<br \/>\nAttendue sous peu, la nouvelle Tesla Model Y restyl\u00e9e a r\u00e9cemment \u00e9t\u00e9 aper\u00e7ue sur les routes d\u2019Europe. La voiture \u00e9lectrique am\u00e9ricaine devrait d\u00e9marrer sa production d\u00e8s ce mois de janvier en Chine, mais sa date d\u2019arriv\u00e9e chez nous n\u2019a pas \u00e9t\u00e9 annonc\u00e9e.<br \/>\n <a href=https:\/\/www.frandroid.com\/marques\/tesla\/2455988_la-nouvelle-tesla-model-y-restylee-roule-deja-en-europe target='bwindow'>Lire la suite&#8230;<\/a><\/p>\n","protected":false},"excerpt":{"rendered":"<p>&lt;img width=&quot;1196&quot; height=&quot;672&quot; src=&quot;https:\/\/www.evearly.news\/fr\/wp-content\/uploads\/sites\/6\/2025\/01\/la-nouvelle-tesla-model-y-restylee-roule-deja-en-europe.jpg&quot; class=&quot;attachment-large size-large wp-post-image&quot; alt=&quot;&quot; decoding=&quot;async&quot; loading=&quot;lazy&quot; \/<br \/>\nAttendue sous peu, la nouvelle Tesla Model Y restyl\u00e9e a r\u00e9cemment \u00e9t\u00e9 aper\u00e7ue sur les routes d\u2019Europe. La voiture \u00e9lectrique am\u00e9ricaine devrait d\u00e9marrer sa production d\u00e8s ce mois de janvier en Chine, mais sa date d\u2019arriv\u00e9e chez nous n\u2019a pas \u00e9t\u00e9 annonc\u00e9e.\n<\/p>\n<p> <a class=\"continue-reading-link\" href=\"https:\/\/www.evearly.news\/fr\/la-nouvelle-tesla-model-y-restylee-roule-deja-en-europe\/\"><\/a><\/p>\n","protected":false},"author":6,"featured_media":294020,"comment_status":"closed","ping_status":"open","sticky":false,"template":"Default","format":"standard","meta":{"footnotes":""},"categories":[14],"tags":[],"class_list":["post-294019","post","type-post","status-publish","format-standard","has-post-thumbnail","hentry","category-frandroid"],"_links":{"self":[{"href":"https:\/\/www.evearly.news\/fr\/wp-json\/wp\/v2\/posts\/294019","targetHints":{"allow":["GET"]}}],"collection":[{"href":"https:\/\/www.evearly.news\/fr\/wp-json\/wp\/v2\/posts"}],"about":[{"href":"https:\/\/www.evearly.news\/fr\/wp-json\/wp\/v2\/types\/post"}],"author":[{"embeddable":true,"href":"https:\/\/www.evearly.news\/fr\/wp-json\/wp\/v2\/users\/6"}],"replies":[{"embeddable":true,"href":"https:\/\/www.evearly.news\/fr\/wp-json\/wp\/v2\/comments?post=294019"}],"version-history":[{"count":0,"href":"https:\/\/www.evearly.news\/fr\/wp-json\/wp\/v2\/posts\/294019\/revisions"}],"wp:featuredmedia":[{"embeddable":true,"href":"https:\/\/www.evearly.news\/fr\/wp-json\/wp\/v2\/media\/294020"}],"wp:attachment":[{"href":"https:\/\/www.evearly.news\/fr\/wp-json\/wp\/v2\/media?parent=294019"}],"wp:term":[{"taxonomy":"category","embeddable":true,"href":"https:\/\/www.evearly.news\/fr\/wp-json\/wp\/v2\/categories?post=294019"},{"taxonomy":"post_tag","embeddable":true,"href":"https:\/\/www.evearly.news\/fr\/wp-json\/wp\/v2\/tags?post=294019"}],"curies":[{"name":"wp","href":"https:\/\/api.w.org\/{rel}","templated":true}]}}