{"id":294271,"date":"2025-01-07T16:55:27","date_gmt":"2025-01-07T15:55:27","guid":{"rendered":"https:\/\/www.evearly.news\/fr\/finalement-stellantis-va-faire-equipe-avec-tesla-pour-eviter-des-amendes-en-europe\/"},"modified":"2025-01-07T16:55:27","modified_gmt":"2025-01-07T15:55:27","slug":"finalement-stellantis-va-faire-equipe-avec-tesla-pour-eviter-des-amendes-en-europe","status":"publish","type":"post","link":"https:\/\/www.evearly.news\/fr\/finalement-stellantis-va-faire-equipe-avec-tesla-pour-eviter-des-amendes-en-europe\/","title":{"rendered":"Finalement, Stellantis va faire \u00e9quipe avec Tesla pour \u00e9viter des amendes en Europe !"},"content":{"rendered":"<div class=\"media_block\"><img decoding=\"async\" src=\"https:\/\/www.evearly.news\/fr\/wp-content\/uploads\/sites\/6\/2025\/01\/finalement-stellantis-va-faire-equipe-avec-tesla-pour-eviter-des-amendes-en-europe.jpg\"><\/div>\n<p>Stellantis se disait tr\u00e8s confiant de respecter les quotas CO2 impos\u00e9s par l\u2019Europe en 2025 avec le durcissement du bar\u00e8me. Mais l\u2019on apprend que le groupe a l\u2019intention de rentrer dans le \u00ab\u00a0pool\u00a0\u00bb CO2 de Tesla pour profiter des cr\u00e9dits allou\u00e9s par le g\u00e9ant am\u00e9ricain. <a href=https:\/\/www.automobile-magazine.fr\/economie-politique\/article\/46209-finalement-stellantis-va-faire-equipe-avec-tesla-pour-eviter-des-amendes-en-europe target='bwindow'>Lire la suite&#8230;<\/a><\/p>\n","protected":false},"excerpt":{"rendered":"<div class=\"media_block\"><img decoding=\"async\" src=\"https:\/\/www.evearly.news\/fr\/wp-content\/uploads\/sites\/6\/2025\/01\/finalement-stellantis-va-faire-equipe-avec-tesla-pour-eviter-des-amendes-en-europe.jpg\"><\/div>\n<p> <a class=\"continue-reading-link\" href=\"https:\/\/www.evearly.news\/fr\/finalement-stellantis-va-faire-equipe-avec-tesla-pour-eviter-des-amendes-en-europe\/\"><\/a><\/p>\n","protected":false},"author":7,"featured_media":294272,"comment_status":"closed","ping_status":"open","sticky":false,"template":"Default","format":"standard","meta":{"footnotes":""},"categories":[7],"tags":[],"class_list":["post-294271","post","type-post","status-publish","format-standard","has-post-thumbnail","hentry","category-automobile-magazine"],"_links":{"self":[{"href":"https:\/\/www.evearly.news\/fr\/wp-json\/wp\/v2\/posts\/294271","targetHints":{"allow":["GET"]}}],"collection":[{"href":"https:\/\/www.evearly.news\/fr\/wp-json\/wp\/v2\/posts"}],"about":[{"href":"https:\/\/www.evearly.news\/fr\/wp-json\/wp\/v2\/types\/post"}],"author":[{"embeddable":true,"href":"https:\/\/www.evearly.news\/fr\/wp-json\/wp\/v2\/users\/7"}],"replies":[{"embeddable":true,"href":"https:\/\/www.evearly.news\/fr\/wp-json\/wp\/v2\/comments?post=294271"}],"version-history":[{"count":0,"href":"https:\/\/www.evearly.news\/fr\/wp-json\/wp\/v2\/posts\/294271\/revisions"}],"wp:featuredmedia":[{"embeddable":true,"href":"https:\/\/www.evearly.news\/fr\/wp-json\/wp\/v2\/media\/294272"}],"wp:attachment":[{"href":"https:\/\/www.evearly.news\/fr\/wp-json\/wp\/v2\/media?parent=294271"}],"wp:term":[{"taxonomy":"category","embeddable":true,"href":"https:\/\/www.evearly.news\/fr\/wp-json\/wp\/v2\/categories?post=294271"},{"taxonomy":"post_tag","embeddable":true,"href":"https:\/\/www.evearly.news\/fr\/wp-json\/wp\/v2\/tags?post=294271"}],"curies":[{"name":"wp","href":"https:\/\/api.w.org\/{rel}","templated":true}]}}