{"id":294277,"date":"2025-01-07T18:21:32","date_gmt":"2025-01-07T17:21:32","guid":{"rendered":"https:\/\/www.evearly.news\/fr\/bmw-presente-le-panoramic-idrive-au-ces-2025\/"},"modified":"2025-01-07T18:21:32","modified_gmt":"2025-01-07T17:21:32","slug":"bmw-presente-le-panoramic-idrive-au-ces-2025","status":"publish","type":"post","link":"https:\/\/www.evearly.news\/fr\/bmw-presente-le-panoramic-idrive-au-ces-2025\/","title":{"rendered":"BMW pr\u00e9sente le Panoramic iDrive au CES 2025"},"content":{"rendered":"<p><img decoding=\"async\" src=\"https:\/\/www.evearly.news\/fr\/wp-content\/uploads\/sites\/6\/2025\/01\/bmw-presente-le-panoramic-idrive-au-ces-2025.webp\" alt=\"auto-moto\"><br \/>Pr\u00e9sent\u00e9 \u00e0 bord des concept-cars Neue Klasse et Neue Klasse X, le BMW Panoramic Vision va bient\u00f4t devenir r\u00e9alit\u00e9, \u00e0 l\u2019image des \u00e9tudes pr\u00e9cit\u00e9es. Le constructeur vient de d\u00e9voiler la version de s\u00e9rie baptis\u00e9e Panoramic iDrive au CES de Las Vegas. <a href=https:\/\/www.auto-moto.com\/ces\/bmw-presente-le-panoramic-idrive-au-ces-2025-51940 target=blank>Lire la suite&#8230;<\/a><\/p>\n","protected":false},"excerpt":{"rendered":"<p>Pr\u00e9sent\u00e9 \u00e0 bord des concept-cars Neue Klasse et Neue Klasse X, le BMW Panoramic Vision va bient\u00f4t devenir r\u00e9alit\u00e9, \u00e0 l\u2019image des \u00e9tudes pr\u00e9cit\u00e9es. Le constructeur vient de d\u00e9voiler la version de s\u00e9rie baptis\u00e9e Panoramic iDrive au CES de Las Vegas&#8230;. <a class=\"continue-reading-link\" href=\"https:\/\/www.evearly.news\/fr\/bmw-presente-le-panoramic-idrive-au-ces-2025\/\"><\/a><\/p>\n","protected":false},"author":9,"featured_media":294278,"comment_status":"closed","ping_status":"open","sticky":false,"template":"Default","format":"standard","meta":{"footnotes":""},"categories":[10],"tags":[],"class_list":["post-294277","post","type-post","status-publish","format-standard","has-post-thumbnail","hentry","category-auto-moto-com"],"_links":{"self":[{"href":"https:\/\/www.evearly.news\/fr\/wp-json\/wp\/v2\/posts\/294277","targetHints":{"allow":["GET"]}}],"collection":[{"href":"https:\/\/www.evearly.news\/fr\/wp-json\/wp\/v2\/posts"}],"about":[{"href":"https:\/\/www.evearly.news\/fr\/wp-json\/wp\/v2\/types\/post"}],"author":[{"embeddable":true,"href":"https:\/\/www.evearly.news\/fr\/wp-json\/wp\/v2\/users\/9"}],"replies":[{"embeddable":true,"href":"https:\/\/www.evearly.news\/fr\/wp-json\/wp\/v2\/comments?post=294277"}],"version-history":[{"count":0,"href":"https:\/\/www.evearly.news\/fr\/wp-json\/wp\/v2\/posts\/294277\/revisions"}],"wp:featuredmedia":[{"embeddable":true,"href":"https:\/\/www.evearly.news\/fr\/wp-json\/wp\/v2\/media\/294278"}],"wp:attachment":[{"href":"https:\/\/www.evearly.news\/fr\/wp-json\/wp\/v2\/media?parent=294277"}],"wp:term":[{"taxonomy":"category","embeddable":true,"href":"https:\/\/www.evearly.news\/fr\/wp-json\/wp\/v2\/categories?post=294277"},{"taxonomy":"post_tag","embeddable":true,"href":"https:\/\/www.evearly.news\/fr\/wp-json\/wp\/v2\/tags?post=294277"}],"curies":[{"name":"wp","href":"https:\/\/api.w.org\/{rel}","templated":true}]}}