{"id":294281,"date":"2025-01-07T18:32:56","date_gmt":"2025-01-07T17:32:56","guid":{"rendered":"https:\/\/www.evearly.news\/fr\/voici-comment-bmw-va-revolutionner-linterieur-de-ses-voitures-electriques\/"},"modified":"2025-01-07T18:32:56","modified_gmt":"2025-01-07T17:32:56","slug":"voici-comment-bmw-va-revolutionner-linterieur-de-ses-voitures-electriques","status":"publish","type":"post","link":"https:\/\/www.evearly.news\/fr\/voici-comment-bmw-va-revolutionner-linterieur-de-ses-voitures-electriques\/","title":{"rendered":"Voici comment BMW va r\u00e9volutionner l\u2019int\u00e9rieur de ses voitures \u00e9lectriques"},"content":{"rendered":"<p><img width=\"1200\" height=\"675\" src=\"https:\/\/www.evearly.news\/fr\/wp-content\/uploads\/sites\/6\/2025\/01\/voici-comment-bmw-va-revolutionner-linterieur-de-ses-voitures-electriques.jpg\" class=\"attachment-full size-full wp-post-image\" alt=\"\" decoding=\"async\" loading=\"lazy\" \/<br \/>\nBMW profite du CES 2025 de Las Vegas, qui vient d\u2019ouvrir ses portes, pour lever le voile non pas sur une voiture mais sur son poste de conduite. Voici le Panoramic iDrive, un tout nouvel affichage t\u00eate haute r\u00e9volutionnaire, qui \u00e9quipera les prochaines voitures \u00e9lectriques reposant sur la plateforme Neue Klasse.<br \/>\n <a href=https:\/\/www.frandroid.com\/marques\/bmw\/2455922_voici-comment-bmw-va-revolutionner-linterieur-de-ses-futures-voitures-electriques target='bwindow'>Lire la suite&#8230;<\/a><\/p>\n","protected":false},"excerpt":{"rendered":"<p>&lt;img width=&quot;1200&quot; height=&quot;675&quot; src=&quot;https:\/\/www.evearly.news\/fr\/wp-content\/uploads\/sites\/6\/2025\/01\/voici-comment-bmw-va-revolutionner-linterieur-de-ses-voitures-electriques.jpg&quot; class=&quot;attachment-full size-full wp-post-image&quot; alt=&quot;&quot; decoding=&quot;async&quot; loading=&quot;lazy&quot; \/<br \/>\nBMW profite du CES 2025 de Las Vegas, qui vient d\u2019ouvrir ses portes, pour lever le voile non pas sur une voiture mais sur son poste de conduite. Voici le Panoramic iDrive, un tout nouvel affichage t\u00eate haute r\u00e9volutionnaire, qui \u00e9quipera les prochaines voitures \u00e9lectriques reposant sur la plateforme Neue Klasse.\n<\/p>\n<p> <a class=\"continue-reading-link\" href=\"https:\/\/www.evearly.news\/fr\/voici-comment-bmw-va-revolutionner-linterieur-de-ses-voitures-electriques\/\"><\/a><\/p>\n","protected":false},"author":6,"featured_media":294282,"comment_status":"closed","ping_status":"open","sticky":false,"template":"Default","format":"standard","meta":{"footnotes":""},"categories":[14],"tags":[],"class_list":["post-294281","post","type-post","status-publish","format-standard","has-post-thumbnail","hentry","category-frandroid"],"_links":{"self":[{"href":"https:\/\/www.evearly.news\/fr\/wp-json\/wp\/v2\/posts\/294281","targetHints":{"allow":["GET"]}}],"collection":[{"href":"https:\/\/www.evearly.news\/fr\/wp-json\/wp\/v2\/posts"}],"about":[{"href":"https:\/\/www.evearly.news\/fr\/wp-json\/wp\/v2\/types\/post"}],"author":[{"embeddable":true,"href":"https:\/\/www.evearly.news\/fr\/wp-json\/wp\/v2\/users\/6"}],"replies":[{"embeddable":true,"href":"https:\/\/www.evearly.news\/fr\/wp-json\/wp\/v2\/comments?post=294281"}],"version-history":[{"count":0,"href":"https:\/\/www.evearly.news\/fr\/wp-json\/wp\/v2\/posts\/294281\/revisions"}],"wp:featuredmedia":[{"embeddable":true,"href":"https:\/\/www.evearly.news\/fr\/wp-json\/wp\/v2\/media\/294282"}],"wp:attachment":[{"href":"https:\/\/www.evearly.news\/fr\/wp-json\/wp\/v2\/media?parent=294281"}],"wp:term":[{"taxonomy":"category","embeddable":true,"href":"https:\/\/www.evearly.news\/fr\/wp-json\/wp\/v2\/categories?post=294281"},{"taxonomy":"post_tag","embeddable":true,"href":"https:\/\/www.evearly.news\/fr\/wp-json\/wp\/v2\/tags?post=294281"}],"curies":[{"name":"wp","href":"https:\/\/api.w.org\/{rel}","templated":true}]}}