{"id":294766,"date":"2025-01-14T19:22:54","date_gmt":"2025-01-14T18:22:54","guid":{"rendered":"https:\/\/www.evearly.news\/fr\/ventes-de-voitures-electrifiees-en-chine-byd-champion-tesla-fragilise\/"},"modified":"2025-01-14T19:22:54","modified_gmt":"2025-01-14T18:22:54","slug":"ventes-de-voitures-electrifiees-en-chine-byd-champion-tesla-fragilise","status":"publish","type":"post","link":"https:\/\/www.evearly.news\/fr\/ventes-de-voitures-electrifiees-en-chine-byd-champion-tesla-fragilise\/","title":{"rendered":"Ventes de voitures \u00e9lectrifi\u00e9es en Chine : BYD champion, Tesla fragilis\u00e9"},"content":{"rendered":"<p><img loading=\"lazy\" decoding=\"async\" width=\"500\" height=\"333\" src=\"https:\/\/www.evearly.news\/fr\/wp-content\/uploads\/sites\/6\/2025\/01\/ventes-de-voitures-electrifiees-en-chine-byd-champion-tesla-fragilise.jpg\" class=\"attachment-1200x800 size-1200x800 wp-post-image\" alt=\"\" srcset=\"https:\/\/www.evearly.news\/fr\/wp-content\/uploads\/sites\/6\/2025\/01\/ventes-de-voitures-electrifiees-en-chine-byd-champion-tesla-fragilise.jpg 2048w, https:\/\/www.evearly.news\/fr\/wp-content\/uploads\/sites\/6\/2025\/01\/ventes-de-voitures-electrifiees-en-chine-byd-champion-tesla-fragilise-1.jpg 1640w, https:\/\/www.evearly.news\/fr\/wp-content\/uploads\/sites\/6\/2025\/01\/ventes-de-voitures-electrifiees-en-chine-byd-champion-tesla-fragilise-2.jpg 1024w, https:\/\/www.evearly.news\/fr\/wp-content\/uploads\/sites\/6\/2025\/01\/ventes-de-voitures-electrifiees-en-chine-byd-champion-tesla-fragilise-3.jpg 768w, https:\/\/www.evearly.news\/fr\/wp-content\/uploads\/sites\/6\/2025\/01\/ventes-de-voitures-electrifiees-en-chine-byd-champion-tesla-fragilise-4.jpg 1536w, https:\/\/cdn.automobile-propre.com\/uploads\/2024\/11\/BYD-Sealion-7-2-620x310.jpg 620w\" sizes=\"auto, (max-width: 1200px) 100vw, 1200px\" \/><br \/>\nLa forte croissance des ventes de v\u00e9hicules \u00e9lectrifi\u00e9s en Chine continue \u00e0 bouleverser l&rsquo;ordre du premier march\u00e9 mondial, ce qui n&rsquo;est pas sans r\u00e9percussions dans le reste du monde. Les constructeurs chinois en ressortent grandis, et malgr\u00e9 de bons r\u00e9sultats, Tesla semble fragilis\u00e9.\u00a0<a href=https:\/\/www.automobile-propre.com\/articles\/ventes-de-voitures-electrifiees-en-chine-byd-champion-tesla-fragilise\/ target='bwindow'>Lire la suite&#8230;<\/a><\/p>\n","protected":false},"excerpt":{"rendered":"<p>&#8230; <a class=\"continue-reading-link\" href=\"https:\/\/www.evearly.news\/fr\/ventes-de-voitures-electrifiees-en-chine-byd-champion-tesla-fragilise\/\"><\/a><\/p>\n","protected":false},"author":8,"featured_media":294767,"comment_status":"closed","ping_status":"open","sticky":false,"template":"Default","format":"standard","meta":{"footnotes":""},"categories":[8],"tags":[],"class_list":["post-294766","post","type-post","status-publish","format-standard","has-post-thumbnail","hentry","category-automobile-propre"],"_links":{"self":[{"href":"https:\/\/www.evearly.news\/fr\/wp-json\/wp\/v2\/posts\/294766","targetHints":{"allow":["GET"]}}],"collection":[{"href":"https:\/\/www.evearly.news\/fr\/wp-json\/wp\/v2\/posts"}],"about":[{"href":"https:\/\/www.evearly.news\/fr\/wp-json\/wp\/v2\/types\/post"}],"author":[{"embeddable":true,"href":"https:\/\/www.evearly.news\/fr\/wp-json\/wp\/v2\/users\/8"}],"replies":[{"embeddable":true,"href":"https:\/\/www.evearly.news\/fr\/wp-json\/wp\/v2\/comments?post=294766"}],"version-history":[{"count":0,"href":"https:\/\/www.evearly.news\/fr\/wp-json\/wp\/v2\/posts\/294766\/revisions"}],"wp:featuredmedia":[{"embeddable":true,"href":"https:\/\/www.evearly.news\/fr\/wp-json\/wp\/v2\/media\/294767"}],"wp:attachment":[{"href":"https:\/\/www.evearly.news\/fr\/wp-json\/wp\/v2\/media?parent=294766"}],"wp:term":[{"taxonomy":"category","embeddable":true,"href":"https:\/\/www.evearly.news\/fr\/wp-json\/wp\/v2\/categories?post=294766"},{"taxonomy":"post_tag","embeddable":true,"href":"https:\/\/www.evearly.news\/fr\/wp-json\/wp\/v2\/tags?post=294766"}],"curies":[{"name":"wp","href":"https:\/\/api.w.org\/{rel}","templated":true}]}}