{"id":294796,"date":"2025-01-15T12:21:30","date_gmt":"2025-01-15T11:21:30","guid":{"rendered":"https:\/\/www.evearly.news\/fr\/pourquoi-le-hyundai-inster-nest-pas-encore-dans-la-liste-du-bonus-ecologique\/"},"modified":"2025-01-15T12:21:30","modified_gmt":"2025-01-15T11:21:30","slug":"pourquoi-le-hyundai-inster-nest-pas-encore-dans-la-liste-du-bonus-ecologique","status":"publish","type":"post","link":"https:\/\/www.evearly.news\/fr\/pourquoi-le-hyundai-inster-nest-pas-encore-dans-la-liste-du-bonus-ecologique\/","title":{"rendered":"Pourquoi le Hyundai Inster n\u2019est pas encore dans la liste du bonus \u00e9cologique"},"content":{"rendered":"<p><img decoding=\"async\" width=\"500\" height=\"333\" src=\"https:\/\/www.evearly.news\/fr\/wp-content\/uploads\/sites\/6\/2025\/01\/pourquoi-le-hyundai-inster-nest-pas-encore-dans-la-liste-du-bonus-ecologique.jpg\" class=\"attachment-1200x800 size-1200x800 wp-post-image\" alt=\"Un petit SUV \u00e9lectrique compact\" loading=\"lazy\" srcset=\"https:\/\/www.evearly.news\/fr\/wp-content\/uploads\/sites\/6\/2025\/01\/pourquoi-le-hyundai-inster-nest-pas-encore-dans-la-liste-du-bonus-ecologique.jpg 1536w, https:\/\/www.evearly.news\/fr\/wp-content\/uploads\/sites\/6\/2025\/01\/pourquoi-le-hyundai-inster-nest-pas-encore-dans-la-liste-du-bonus-ecologique-1.jpg 1640w, https:\/\/www.evearly.news\/fr\/wp-content\/uploads\/sites\/6\/2025\/01\/pourquoi-le-hyundai-inster-nest-pas-encore-dans-la-liste-du-bonus-ecologique-2.jpg 1024w, https:\/\/www.evearly.news\/fr\/wp-content\/uploads\/sites\/6\/2025\/01\/pourquoi-le-hyundai-inster-nest-pas-encore-dans-la-liste-du-bonus-ecologique-3.jpg 140w, https:\/\/www.evearly.news\/fr\/wp-content\/uploads\/sites\/6\/2025\/01\/pourquoi-le-hyundai-inster-nest-pas-encore-dans-la-liste-du-bonus-ecologique-4.jpg 768w, https:\/\/www.evearly.news\/fr\/wp-content\/uploads\/sites\/6\/2025\/01\/pourquoi-le-hyundai-inster-nest-pas-encore-dans-la-liste-du-bonus-ecologique-5.jpg 620w, https:\/\/www.evearly.news\/fr\/wp-content\/uploads\/sites\/6\/2025\/01\/pourquoi-le-hyundai-inster-nest-pas-encore-dans-la-liste-du-bonus-ecologique-6.jpg 100w, https:\/\/www.evearly.news\/fr\/wp-content\/uploads\/sites\/6\/2025\/01\/pourquoi-le-hyundai-inster-nest-pas-encore-dans-la-liste-du-bonus-ecologique-7.jpg 190w, https:\/\/www.evearly.news\/fr\/wp-content\/uploads\/sites\/6\/2025\/01\/pourquoi-le-hyundai-inster-nest-pas-encore-dans-la-liste-du-bonus-ecologique-8.jpg 600w, https:\/\/cdn.automobile-propre.com\/uploads\/2024\/10\/Hyundai-Inster-2.jpg 2000w\" sizes=\"auto, (max-width: 1200px) 100vw, 1200px\" \/><br \/>\nLe Hyundai Inster n&rsquo;a pas \u00e9t\u00e9 mentionn\u00e9 dans la derni\u00e8re liste de v\u00e9hicules \u00e9ligibles au bonus \u00e9cologique. Pas de panique,\u2026\u00a0<a href=https:\/\/www.automobile-propre.com\/articles\/pourquoi-le-hyundai-inster-nest-pas-encore-dans-la-liste-du-bonus-ecologique\/ target='bwindow'>Lire la suite&#8230;<\/a><\/p>\n","protected":false},"excerpt":{"rendered":"<p>&#8230; <a class=\"continue-reading-link\" href=\"https:\/\/www.evearly.news\/fr\/pourquoi-le-hyundai-inster-nest-pas-encore-dans-la-liste-du-bonus-ecologique\/\"><\/a><\/p>\n","protected":false},"author":8,"featured_media":294797,"comment_status":"closed","ping_status":"open","sticky":false,"template":"Default","format":"standard","meta":{"footnotes":""},"categories":[8],"tags":[],"class_list":["post-294796","post","type-post","status-publish","format-standard","has-post-thumbnail","hentry","category-automobile-propre"],"_links":{"self":[{"href":"https:\/\/www.evearly.news\/fr\/wp-json\/wp\/v2\/posts\/294796","targetHints":{"allow":["GET"]}}],"collection":[{"href":"https:\/\/www.evearly.news\/fr\/wp-json\/wp\/v2\/posts"}],"about":[{"href":"https:\/\/www.evearly.news\/fr\/wp-json\/wp\/v2\/types\/post"}],"author":[{"embeddable":true,"href":"https:\/\/www.evearly.news\/fr\/wp-json\/wp\/v2\/users\/8"}],"replies":[{"embeddable":true,"href":"https:\/\/www.evearly.news\/fr\/wp-json\/wp\/v2\/comments?post=294796"}],"version-history":[{"count":0,"href":"https:\/\/www.evearly.news\/fr\/wp-json\/wp\/v2\/posts\/294796\/revisions"}],"wp:featuredmedia":[{"embeddable":true,"href":"https:\/\/www.evearly.news\/fr\/wp-json\/wp\/v2\/media\/294797"}],"wp:attachment":[{"href":"https:\/\/www.evearly.news\/fr\/wp-json\/wp\/v2\/media?parent=294796"}],"wp:term":[{"taxonomy":"category","embeddable":true,"href":"https:\/\/www.evearly.news\/fr\/wp-json\/wp\/v2\/categories?post=294796"},{"taxonomy":"post_tag","embeddable":true,"href":"https:\/\/www.evearly.news\/fr\/wp-json\/wp\/v2\/tags?post=294796"}],"curies":[{"name":"wp","href":"https:\/\/api.w.org\/{rel}","templated":true}]}}