{"id":294808,"date":"2025-01-15T14:20:04","date_gmt":"2025-01-15T13:20:04","guid":{"rendered":"https:\/\/www.evearly.news\/fr\/la-future-cupra-leon-passera-a-lelectrique-des-2030\/"},"modified":"2025-01-15T14:20:04","modified_gmt":"2025-01-15T13:20:04","slug":"la-future-cupra-leon-passera-a-lelectrique-des-2030","status":"publish","type":"post","link":"https:\/\/www.evearly.news\/fr\/la-future-cupra-leon-passera-a-lelectrique-des-2030\/","title":{"rendered":"La future Cupra Leon passera \u00e0 l\u2019\u00e9lectrique d\u00e8s 2030"},"content":{"rendered":"<p><img decoding=\"async\" src=\"https:\/\/www.evearly.news\/fr\/wp-content\/uploads\/sites\/6\/2025\/01\/la-future-cupra-leon-passera-a-lelectrique-des-2030.webp\" alt=\"auto-moto\"><br \/>D\u2019apr\u00e8s le patron de Cupra, l\u2019avenir de la Leon est d\u00e9j\u00e0 tout trac\u00e9 : encore quelques ann\u00e9es dans ses variantes thermiques et hybrides gr\u00e2ce au r\u00e9cent restylage, avant de basculer au tout-\u00e9lectrique pour la future g\u00e9n\u00e9ration, au d\u00e9but de la prochaine d\u00e9cennie. La version vendue par Seat pourrait dispara\u00eetre \u00e0 la faveur d\u2019un repositionnement de la marque. <a href=https:\/\/www.auto-moto.com\/berline-compacte\/la-future-cupra-leon-passera-a-l-electrique-des-2030-52308 target=blank>Lire la suite&#8230;<\/a><\/p>\n","protected":false},"excerpt":{"rendered":"<p>D\u2019apr\u00e8s le patron de Cupra, l\u2019avenir de la Leon est d\u00e9j\u00e0 tout trac\u00e9 : encore quelques ann\u00e9es dans ses variantes thermiques et hybrides gr\u00e2ce au r\u00e9cent restylage, avant de basculer au tout-\u00e9lectrique pour la future g\u00e9n\u00e9ration, au d\u00e9but de la prochaine d\u00e9cennie. La version vendue par Seat pourrait dispara\u00eetre \u00e0 la&#8230; <a class=\"continue-reading-link\" href=\"https:\/\/www.evearly.news\/fr\/la-future-cupra-leon-passera-a-lelectrique-des-2030\/\"><\/a><\/p>\n","protected":false},"author":9,"featured_media":294809,"comment_status":"closed","ping_status":"open","sticky":false,"template":"Default","format":"standard","meta":{"footnotes":""},"categories":[10],"tags":[],"class_list":["post-294808","post","type-post","status-publish","format-standard","has-post-thumbnail","hentry","category-auto-moto-com"],"_links":{"self":[{"href":"https:\/\/www.evearly.news\/fr\/wp-json\/wp\/v2\/posts\/294808","targetHints":{"allow":["GET"]}}],"collection":[{"href":"https:\/\/www.evearly.news\/fr\/wp-json\/wp\/v2\/posts"}],"about":[{"href":"https:\/\/www.evearly.news\/fr\/wp-json\/wp\/v2\/types\/post"}],"author":[{"embeddable":true,"href":"https:\/\/www.evearly.news\/fr\/wp-json\/wp\/v2\/users\/9"}],"replies":[{"embeddable":true,"href":"https:\/\/www.evearly.news\/fr\/wp-json\/wp\/v2\/comments?post=294808"}],"version-history":[{"count":0,"href":"https:\/\/www.evearly.news\/fr\/wp-json\/wp\/v2\/posts\/294808\/revisions"}],"wp:featuredmedia":[{"embeddable":true,"href":"https:\/\/www.evearly.news\/fr\/wp-json\/wp\/v2\/media\/294809"}],"wp:attachment":[{"href":"https:\/\/www.evearly.news\/fr\/wp-json\/wp\/v2\/media?parent=294808"}],"wp:term":[{"taxonomy":"category","embeddable":true,"href":"https:\/\/www.evearly.news\/fr\/wp-json\/wp\/v2\/categories?post=294808"},{"taxonomy":"post_tag","embeddable":true,"href":"https:\/\/www.evearly.news\/fr\/wp-json\/wp\/v2\/tags?post=294808"}],"curies":[{"name":"wp","href":"https:\/\/api.w.org\/{rel}","templated":true}]}}