{"id":294810,"date":"2025-01-15T14:57:43","date_gmt":"2025-01-15T13:57:43","guid":{"rendered":"https:\/\/www.evearly.news\/fr\/pourquoi-cette-voiture-electrique-volkswagen-lancee-en-chine-devrait-etre-bien-moins-chere-que-celle-vendue-en-europe\/"},"modified":"2025-01-15T14:57:43","modified_gmt":"2025-01-15T13:57:43","slug":"pourquoi-cette-voiture-electrique-volkswagen-lancee-en-chine-devrait-etre-bien-moins-chere-que-celle-vendue-en-europe","status":"publish","type":"post","link":"https:\/\/www.evearly.news\/fr\/pourquoi-cette-voiture-electrique-volkswagen-lancee-en-chine-devrait-etre-bien-moins-chere-que-celle-vendue-en-europe\/","title":{"rendered":"Pourquoi cette voiture \u00e9lectrique Volkswagen lanc\u00e9e en Chine devrait \u00eatre bien moins ch\u00e8re que celle vendue en Europe"},"content":{"rendered":"<p><img width=\"1200\" height=\"675\" src=\"https:\/\/www.evearly.news\/fr\/wp-content\/uploads\/sites\/6\/2025\/01\/pourquoi-cette-voiture-electrique-volkswagen-lancee-en-chine-devrait-etre-bien-moins-chere-que-celle-vendue-en-europe.jpg\" class=\"attachment-full size-full wp-post-image\" alt=\"\" decoding=\"async\" loading=\"lazy\" \/<br \/>\nAlors que les ventes de Volkswagen sont en chute libre en Chine, le constructeur veut instaurer une nouvelle dynamique. Cela passera par de nouvelles voitures \u00e9lectriques, \u00e0 commencer par cet ID.Unyx 06 qui ressemble comme deux gouttes d&rsquo;eau \u00e0 un SUV \u00e9lectrique d\u00e9j\u00e0 vendu chez nous.<br \/>\n <a href=https:\/\/www.frandroid.com\/marques\/volkswagen\/2472174_pourquoi-cette-voiture-electrique-volkswagen-lancee-en-chine-devrait-etre-bien-moins-chere-que-celle-vendue-en-europe target='bwindow'>Lire la suite&#8230;<\/a><\/p>\n","protected":false},"excerpt":{"rendered":"<p>&lt;img width=&quot;1200&quot; height=&quot;675&quot; src=&quot;https:\/\/www.evearly.news\/fr\/wp-content\/uploads\/sites\/6\/2025\/01\/pourquoi-cette-voiture-electrique-volkswagen-lancee-en-chine-devrait-etre-bien-moins-chere-que-celle-vendue-en-europe.jpg&quot; class=&quot;attachment-full size-full wp-post-image&quot; alt=&quot;&quot; decoding=&quot;async&quot; loading=&quot;lazy&quot; \/<br \/>\nAlors que les ventes de Volkswagen sont en chute libre en Chine, le constructeur veut instaurer une nouvelle dynamique. Cela passera par de nouvelles voitures \u00e9lectriques, \u00e0 commencer par cet ID.Unyx 06 qui ressemble comme deux gouttes d&rsquo;eau \u00e0 un SUV \u00e9lectrique d\u00e9j\u00e0 vendu chez nous.\n<\/p>\n<p> <a class=\"continue-reading-link\" href=\"https:\/\/www.evearly.news\/fr\/pourquoi-cette-voiture-electrique-volkswagen-lancee-en-chine-devrait-etre-bien-moins-chere-que-celle-vendue-en-europe\/\"><\/a><\/p>\n","protected":false},"author":6,"featured_media":294811,"comment_status":"closed","ping_status":"open","sticky":false,"template":"Default","format":"standard","meta":{"footnotes":""},"categories":[14],"tags":[],"class_list":["post-294810","post","type-post","status-publish","format-standard","has-post-thumbnail","hentry","category-frandroid"],"_links":{"self":[{"href":"https:\/\/www.evearly.news\/fr\/wp-json\/wp\/v2\/posts\/294810","targetHints":{"allow":["GET"]}}],"collection":[{"href":"https:\/\/www.evearly.news\/fr\/wp-json\/wp\/v2\/posts"}],"about":[{"href":"https:\/\/www.evearly.news\/fr\/wp-json\/wp\/v2\/types\/post"}],"author":[{"embeddable":true,"href":"https:\/\/www.evearly.news\/fr\/wp-json\/wp\/v2\/users\/6"}],"replies":[{"embeddable":true,"href":"https:\/\/www.evearly.news\/fr\/wp-json\/wp\/v2\/comments?post=294810"}],"version-history":[{"count":0,"href":"https:\/\/www.evearly.news\/fr\/wp-json\/wp\/v2\/posts\/294810\/revisions"}],"wp:featuredmedia":[{"embeddable":true,"href":"https:\/\/www.evearly.news\/fr\/wp-json\/wp\/v2\/media\/294811"}],"wp:attachment":[{"href":"https:\/\/www.evearly.news\/fr\/wp-json\/wp\/v2\/media?parent=294810"}],"wp:term":[{"taxonomy":"category","embeddable":true,"href":"https:\/\/www.evearly.news\/fr\/wp-json\/wp\/v2\/categories?post=294810"},{"taxonomy":"post_tag","embeddable":true,"href":"https:\/\/www.evearly.news\/fr\/wp-json\/wp\/v2\/tags?post=294810"}],"curies":[{"name":"wp","href":"https:\/\/api.w.org\/{rel}","templated":true}]}}