{"id":294989,"date":"2025-01-18T11:56:30","date_gmt":"2025-01-18T10:56:30","guid":{"rendered":"https:\/\/www.evearly.news\/fr\/essai-audi-s-e-tron-gt-2025-la-gt-electrique-que-lon-veut-dans-son-garage\/"},"modified":"2025-01-18T11:56:30","modified_gmt":"2025-01-18T10:56:30","slug":"essai-audi-s-e-tron-gt-2025-la-gt-electrique-que-lon-veut-dans-son-garage","status":"publish","type":"post","link":"https:\/\/www.evearly.news\/fr\/essai-audi-s-e-tron-gt-2025-la-gt-electrique-que-lon-veut-dans-son-garage\/","title":{"rendered":"Essai Audi S e-tron GT (2025) : la GT \u00e9lectrique que l\u2019on veut dans son garage"},"content":{"rendered":"<div class=\"media_block\"><img decoding=\"async\" src=\"https:\/\/www.evearly.news\/fr\/wp-content\/uploads\/sites\/6\/2025\/01\/essai-audi-s-e-tron-gt-2025-la-gt-electrique-que-lon-veut-dans-son-garage.jpg\"><\/div>\n<p>Audi a r\u00e9cemment restyl\u00e9 sa berline \u00e9lectrique e-tron GT. Nouvelle gamme, plus de puissance et technologie de pointe, l\u2019Allemande n\u2019a rien laiss\u00e9 au hasard pour s\u00e9duire.\u00a0 <a href=https:\/\/www.automobile-magazine.fr\/tous-les-essais\/article\/46372-essai-audi-s-e-tron-gt-2025-la-gt-electrique-que-lon-veut-dans-son-garage target='bwindow'>Lire la suite&#8230;<\/a><\/p>\n","protected":false},"excerpt":{"rendered":"<div class=\"media_block\"><img decoding=\"async\" src=\"https:\/\/www.evearly.news\/fr\/wp-content\/uploads\/sites\/6\/2025\/01\/essai-audi-s-e-tron-gt-2025-la-gt-electrique-que-lon-veut-dans-son-garage.jpg\"><\/div>\n<p> <a class=\"continue-reading-link\" href=\"https:\/\/www.evearly.news\/fr\/essai-audi-s-e-tron-gt-2025-la-gt-electrique-que-lon-veut-dans-son-garage\/\"><\/a><\/p>\n","protected":false},"author":7,"featured_media":294990,"comment_status":"closed","ping_status":"open","sticky":false,"template":"Default","format":"standard","meta":{"footnotes":""},"categories":[7],"tags":[],"class_list":["post-294989","post","type-post","status-publish","format-standard","has-post-thumbnail","hentry","category-automobile-magazine"],"_links":{"self":[{"href":"https:\/\/www.evearly.news\/fr\/wp-json\/wp\/v2\/posts\/294989","targetHints":{"allow":["GET"]}}],"collection":[{"href":"https:\/\/www.evearly.news\/fr\/wp-json\/wp\/v2\/posts"}],"about":[{"href":"https:\/\/www.evearly.news\/fr\/wp-json\/wp\/v2\/types\/post"}],"author":[{"embeddable":true,"href":"https:\/\/www.evearly.news\/fr\/wp-json\/wp\/v2\/users\/7"}],"replies":[{"embeddable":true,"href":"https:\/\/www.evearly.news\/fr\/wp-json\/wp\/v2\/comments?post=294989"}],"version-history":[{"count":0,"href":"https:\/\/www.evearly.news\/fr\/wp-json\/wp\/v2\/posts\/294989\/revisions"}],"wp:featuredmedia":[{"embeddable":true,"href":"https:\/\/www.evearly.news\/fr\/wp-json\/wp\/v2\/media\/294990"}],"wp:attachment":[{"href":"https:\/\/www.evearly.news\/fr\/wp-json\/wp\/v2\/media?parent=294989"}],"wp:term":[{"taxonomy":"category","embeddable":true,"href":"https:\/\/www.evearly.news\/fr\/wp-json\/wp\/v2\/categories?post=294989"},{"taxonomy":"post_tag","embeddable":true,"href":"https:\/\/www.evearly.news\/fr\/wp-json\/wp\/v2\/tags?post=294989"}],"curies":[{"name":"wp","href":"https:\/\/api.w.org\/{rel}","templated":true}]}}