{"id":295044,"date":"2025-01-19T19:01:48","date_gmt":"2025-01-19T18:01:48","guid":{"rendered":"https:\/\/www.evearly.news\/fr\/future-ds-7-on-vous-devoile-deja-les-lignes-de-la-deuxieme-generation\/"},"modified":"2025-01-19T19:01:48","modified_gmt":"2025-01-19T18:01:48","slug":"future-ds-7-on-vous-devoile-deja-les-lignes-de-la-deuxieme-generation","status":"publish","type":"post","link":"https:\/\/www.evearly.news\/fr\/future-ds-7-on-vous-devoile-deja-les-lignes-de-la-deuxieme-generation\/","title":{"rendered":"Future DS 7 : on vous d\u00e9voile d\u00e9j\u00e0 les lignes de la deuxi\u00e8me g\u00e9n\u00e9ration !"},"content":{"rendered":"<div class=\"media_block\"><img decoding=\"async\" src=\"https:\/\/www.evearly.news\/fr\/wp-content\/uploads\/sites\/6\/2025\/01\/future-ds-7-on-vous-devoile-deja-les-lignes-de-la-deuxieme-generation.jpg\"><\/div>\n<p>Le DS 7 a toujours eu une place \u00e0 part dans la gamme. Le best-seller a \u00e9t\u00e9 chouchout\u00e9 jusqu\u2019\u00e0 la fin. Son rempla\u00e7ant qui sera d\u00e9voil\u00e9 \u00e0 l\u2019automne prochain a une sacr\u00e9 pression sur les \u00e9paules. Il changera d&rsquo;ailleurs de nom. <a href=https:\/\/www.automobile-magazine.fr\/scoops\/article\/46370-future-ds-7-on-vous-devoile-deja-les-lignes-de-la-deuxieme-generation target='bwindow'>Lire la suite&#8230;<\/a><\/p>\n","protected":false},"excerpt":{"rendered":"<div class=\"media_block\"><img decoding=\"async\" src=\"https:\/\/www.evearly.news\/fr\/wp-content\/uploads\/sites\/6\/2025\/01\/future-ds-7-on-vous-devoile-deja-les-lignes-de-la-deuxieme-generation.jpg\"><\/div>\n<p> <a class=\"continue-reading-link\" href=\"https:\/\/www.evearly.news\/fr\/future-ds-7-on-vous-devoile-deja-les-lignes-de-la-deuxieme-generation\/\"><\/a><\/p>\n","protected":false},"author":7,"featured_media":295045,"comment_status":"closed","ping_status":"open","sticky":false,"template":"Default","format":"standard","meta":{"footnotes":""},"categories":[7],"tags":[],"class_list":["post-295044","post","type-post","status-publish","format-standard","has-post-thumbnail","hentry","category-automobile-magazine"],"_links":{"self":[{"href":"https:\/\/www.evearly.news\/fr\/wp-json\/wp\/v2\/posts\/295044","targetHints":{"allow":["GET"]}}],"collection":[{"href":"https:\/\/www.evearly.news\/fr\/wp-json\/wp\/v2\/posts"}],"about":[{"href":"https:\/\/www.evearly.news\/fr\/wp-json\/wp\/v2\/types\/post"}],"author":[{"embeddable":true,"href":"https:\/\/www.evearly.news\/fr\/wp-json\/wp\/v2\/users\/7"}],"replies":[{"embeddable":true,"href":"https:\/\/www.evearly.news\/fr\/wp-json\/wp\/v2\/comments?post=295044"}],"version-history":[{"count":0,"href":"https:\/\/www.evearly.news\/fr\/wp-json\/wp\/v2\/posts\/295044\/revisions"}],"wp:featuredmedia":[{"embeddable":true,"href":"https:\/\/www.evearly.news\/fr\/wp-json\/wp\/v2\/media\/295045"}],"wp:attachment":[{"href":"https:\/\/www.evearly.news\/fr\/wp-json\/wp\/v2\/media?parent=295044"}],"wp:term":[{"taxonomy":"category","embeddable":true,"href":"https:\/\/www.evearly.news\/fr\/wp-json\/wp\/v2\/categories?post=295044"},{"taxonomy":"post_tag","embeddable":true,"href":"https:\/\/www.evearly.news\/fr\/wp-json\/wp\/v2\/tags?post=295044"}],"curies":[{"name":"wp","href":"https:\/\/api.w.org\/{rel}","templated":true}]}}