{"id":295046,"date":"2025-01-19T19:52:11","date_gmt":"2025-01-19T18:52:11","guid":{"rendered":"https:\/\/www.evearly.news\/fr\/general-motors-prepare-des-voitures-electriques-a-charge-ultra-rapide-mais-pour-la-chine\/"},"modified":"2025-01-19T19:52:11","modified_gmt":"2025-01-19T18:52:11","slug":"general-motors-prepare-des-voitures-electriques-a-charge-ultra-rapide-mais-pour-la-chine","status":"publish","type":"post","link":"https:\/\/www.evearly.news\/fr\/general-motors-prepare-des-voitures-electriques-a-charge-ultra-rapide-mais-pour-la-chine\/","title":{"rendered":"General Motors pr\u00e9pare des voitures \u00e9lectriques \u00e0 charge ultra-rapide\u2026 mais pour la Chine"},"content":{"rendered":"<p><img loading=\"lazy\" decoding=\"async\" width=\"500\" height=\"333\" src=\"https:\/\/www.evearly.news\/fr\/wp-content\/uploads\/sites\/6\/2025\/01\/general-motors-prepare-des-voitures-electriques-a-charge-ultra-rapide-mais-pour-la-chine.jpg\" class=\"attachment-1200x800 size-1200x800 wp-post-image\" alt=\"Buick Wildcat EV Concept\" srcset=\"https:\/\/www.evearly.news\/fr\/wp-content\/uploads\/sites\/6\/2025\/01\/general-motors-prepare-des-voitures-electriques-a-charge-ultra-rapide-mais-pour-la-chine.jpg 1920w, https:\/\/www.evearly.news\/fr\/wp-content\/uploads\/sites\/6\/2025\/01\/general-motors-prepare-des-voitures-electriques-a-charge-ultra-rapide-mais-pour-la-chine-1.jpg 1200w, https:\/\/www.evearly.news\/fr\/wp-content\/uploads\/sites\/6\/2025\/01\/general-motors-prepare-des-voitures-electriques-a-charge-ultra-rapide-mais-pour-la-chine-2.jpg 1024w, https:\/\/www.evearly.news\/fr\/wp-content\/uploads\/sites\/6\/2025\/01\/general-motors-prepare-des-voitures-electriques-a-charge-ultra-rapide-mais-pour-la-chine-3.jpg 768w, https:\/\/www.evearly.news\/fr\/wp-content\/uploads\/sites\/6\/2025\/01\/general-motors-prepare-des-voitures-electriques-a-charge-ultra-rapide-mais-pour-la-chine-4.jpg 1536w, https:\/\/cdn.automobile-propre.com\/uploads\/2022\/06\/2022_Buick-Wildcat-EV-Concept_01-620x358.jpg 620w\" sizes=\"auto, (max-width: 1200px) 100vw, 1200px\" \/><br \/>\nPilier du march\u00e9 chinois jusqu&rsquo;en 2020, GM est aujourd&rsquo;hui \u00e0 la d\u00e9rive avec ses mod\u00e8les \u00e9lectriques. L&rsquo;arriv\u00e9e d&rsquo;une nouvelle g\u00e9n\u00e9ration de batteries en 2025 aura pour but de reconqu\u00e9rir le public avec des produits plus comp\u00e9titifs.\u00a0<a href=https:\/\/www.automobile-propre.com\/breves\/general-motors-prepare-des-voitures-electriques-a-charge-ultra-rapide-mais-pour-la-chine\/ target='bwindow'>Lire la suite&#8230;<\/a><\/p>\n","protected":false},"excerpt":{"rendered":"<p>&#8230; <a class=\"continue-reading-link\" href=\"https:\/\/www.evearly.news\/fr\/general-motors-prepare-des-voitures-electriques-a-charge-ultra-rapide-mais-pour-la-chine\/\"><\/a><\/p>\n","protected":false},"author":8,"featured_media":295047,"comment_status":"closed","ping_status":"open","sticky":false,"template":"Default","format":"standard","meta":{"footnotes":""},"categories":[8],"tags":[],"class_list":["post-295046","post","type-post","status-publish","format-standard","has-post-thumbnail","hentry","category-automobile-propre"],"_links":{"self":[{"href":"https:\/\/www.evearly.news\/fr\/wp-json\/wp\/v2\/posts\/295046","targetHints":{"allow":["GET"]}}],"collection":[{"href":"https:\/\/www.evearly.news\/fr\/wp-json\/wp\/v2\/posts"}],"about":[{"href":"https:\/\/www.evearly.news\/fr\/wp-json\/wp\/v2\/types\/post"}],"author":[{"embeddable":true,"href":"https:\/\/www.evearly.news\/fr\/wp-json\/wp\/v2\/users\/8"}],"replies":[{"embeddable":true,"href":"https:\/\/www.evearly.news\/fr\/wp-json\/wp\/v2\/comments?post=295046"}],"version-history":[{"count":0,"href":"https:\/\/www.evearly.news\/fr\/wp-json\/wp\/v2\/posts\/295046\/revisions"}],"wp:featuredmedia":[{"embeddable":true,"href":"https:\/\/www.evearly.news\/fr\/wp-json\/wp\/v2\/media\/295047"}],"wp:attachment":[{"href":"https:\/\/www.evearly.news\/fr\/wp-json\/wp\/v2\/media?parent=295046"}],"wp:term":[{"taxonomy":"category","embeddable":true,"href":"https:\/\/www.evearly.news\/fr\/wp-json\/wp\/v2\/categories?post=295046"},{"taxonomy":"post_tag","embeddable":true,"href":"https:\/\/www.evearly.news\/fr\/wp-json\/wp\/v2\/tags?post=295046"}],"curies":[{"name":"wp","href":"https:\/\/api.w.org\/{rel}","templated":true}]}}