{"id":295050,"date":"2025-01-20T07:28:07","date_gmt":"2025-01-20T06:28:07","guid":{"rendered":"https:\/\/www.evearly.news\/fr\/quels-sont-les-modeles-electriques-de-renault-eligibles-au-bonus-ecologique-en-2025\/"},"modified":"2025-01-20T07:28:07","modified_gmt":"2025-01-20T06:28:07","slug":"quels-sont-les-modeles-electriques-de-renault-eligibles-au-bonus-ecologique-en-2025","status":"publish","type":"post","link":"https:\/\/www.evearly.news\/fr\/quels-sont-les-modeles-electriques-de-renault-eligibles-au-bonus-ecologique-en-2025\/","title":{"rendered":"Quels sont les mod\u00e8les \u00e9lectriques de Renault \u00e9ligibles au bonus \u00e9cologique en 2025 ?"},"content":{"rendered":"<div class=\"media_block\"><img decoding=\"async\" src=\"https:\/\/www.evearly.news\/fr\/wp-content\/uploads\/sites\/6\/2025\/01\/quels-sont-les-modeles-electriques-de-renault-eligibles-au-bonus-ecologique-en-2025.jpg\"><\/div>\n<p>Malgr\u00e9 des crit\u00e8res toujours plus restrictifs, de nombreux mod\u00e8les Renault sont encore \u00e9ligibles au bonus \u00e9cologique. De la petite R5 au Sc\u00e9nic en passant par le Kangoo, d\u00e9couvrez la liste. <a href=https:\/\/www.automobile-magazine.fr\/voitures-electriques\/article\/46365-quels-sont-les-modeles-electriques-de-renault-eligibles-au-bonus-ecologique-en-2025 target='bwindow'>Lire la suite&#8230;<\/a><\/p>\n","protected":false},"excerpt":{"rendered":"<div class=\"media_block\"><img decoding=\"async\" src=\"https:\/\/www.evearly.news\/fr\/wp-content\/uploads\/sites\/6\/2025\/01\/quels-sont-les-modeles-electriques-de-renault-eligibles-au-bonus-ecologique-en-2025.jpg\"><\/div>\n<p> <a class=\"continue-reading-link\" href=\"https:\/\/www.evearly.news\/fr\/quels-sont-les-modeles-electriques-de-renault-eligibles-au-bonus-ecologique-en-2025\/\"><\/a><\/p>\n","protected":false},"author":7,"featured_media":295051,"comment_status":"closed","ping_status":"open","sticky":false,"template":"Default","format":"standard","meta":{"footnotes":""},"categories":[7],"tags":[],"class_list":["post-295050","post","type-post","status-publish","format-standard","has-post-thumbnail","hentry","category-automobile-magazine"],"_links":{"self":[{"href":"https:\/\/www.evearly.news\/fr\/wp-json\/wp\/v2\/posts\/295050","targetHints":{"allow":["GET"]}}],"collection":[{"href":"https:\/\/www.evearly.news\/fr\/wp-json\/wp\/v2\/posts"}],"about":[{"href":"https:\/\/www.evearly.news\/fr\/wp-json\/wp\/v2\/types\/post"}],"author":[{"embeddable":true,"href":"https:\/\/www.evearly.news\/fr\/wp-json\/wp\/v2\/users\/7"}],"replies":[{"embeddable":true,"href":"https:\/\/www.evearly.news\/fr\/wp-json\/wp\/v2\/comments?post=295050"}],"version-history":[{"count":0,"href":"https:\/\/www.evearly.news\/fr\/wp-json\/wp\/v2\/posts\/295050\/revisions"}],"wp:featuredmedia":[{"embeddable":true,"href":"https:\/\/www.evearly.news\/fr\/wp-json\/wp\/v2\/media\/295051"}],"wp:attachment":[{"href":"https:\/\/www.evearly.news\/fr\/wp-json\/wp\/v2\/media?parent=295050"}],"wp:term":[{"taxonomy":"category","embeddable":true,"href":"https:\/\/www.evearly.news\/fr\/wp-json\/wp\/v2\/categories?post=295050"},{"taxonomy":"post_tag","embeddable":true,"href":"https:\/\/www.evearly.news\/fr\/wp-json\/wp\/v2\/tags?post=295050"}],"curies":[{"name":"wp","href":"https:\/\/api.w.org\/{rel}","templated":true}]}}