{"id":295218,"date":"2025-01-22T19:31:32","date_gmt":"2025-01-22T18:31:32","guid":{"rendered":"https:\/\/www.evearly.news\/fr\/cette-tesla-model-3-est-restee-dans-un-froid-polaire-avant-detre-rechargee-comment-sen-est-sortie-la-berline-electrique\/"},"modified":"2025-01-22T19:31:32","modified_gmt":"2025-01-22T18:31:32","slug":"cette-tesla-model-3-est-restee-dans-un-froid-polaire-avant-detre-rechargee-comment-sen-est-sortie-la-berline-electrique","status":"publish","type":"post","link":"https:\/\/www.evearly.news\/fr\/cette-tesla-model-3-est-restee-dans-un-froid-polaire-avant-detre-rechargee-comment-sen-est-sortie-la-berline-electrique\/","title":{"rendered":"Cette Tesla Model 3 est rest\u00e9e dans un froid polaire avant d\u2019\u00eatre recharg\u00e9e, comment s\u2019en est sortie la berline \u00e9lectrique ?"},"content":{"rendered":"<p><img decoding=\"async\" src=\"https:\/\/www.evearly.news\/fr\/wp-content\/uploads\/sites\/6\/2025\/01\/cette-tesla-model-3-est-restee-dans-un-froid-polaire-avant-detre-rechargee-comment-sen-est-sortie-la-berline-electrique.jpg\"><br \/>Que se passe-t-il lorsqu&rsquo;on s&rsquo;amuse \u00e0 recharger une Tesla Model 3 qui est rest\u00e9e des heures \u00e0 l&rsquo;ext\u00e9rieur avec un froid polaire ? C&rsquo;est justement l&rsquo;exp\u00e9rience men\u00e9e par la cha\u00eene YouTube Frozen Tesla.\u00a0 C&rsquo;est bien connu, les batteries des voitures&#8230; <a href=https:\/\/www.phonandroid.com\/cette-tesla-model-3-est-restee-dans-un-froid-polaire-avant-detre-rechargee-comment-sen-est-sortie-la-berline-electrique.html target=blank>Lire la suite&#8230;<\/a><\/p>\n","protected":false},"excerpt":{"rendered":"<p>Que se passe-t-il lorsqu&rsquo;on s&rsquo;amuse \u00e0 recharger une Tesla Model 3 qui est rest\u00e9e des heures \u00e0 l&rsquo;ext\u00e9rieur avec un froid polaire ? C&rsquo;est justement l&rsquo;exp\u00e9rience men\u00e9e par la cha\u00eene YouTube Frozen Tesla.\u00a0 C&rsquo;est bien connu, les batteries des voitures&#8230;&#8230; <a class=\"continue-reading-link\" href=\"https:\/\/www.evearly.news\/fr\/cette-tesla-model-3-est-restee-dans-un-froid-polaire-avant-detre-rechargee-comment-sen-est-sortie-la-berline-electrique\/\"><\/a><\/p>\n","protected":false},"author":17,"featured_media":295219,"comment_status":"closed","ping_status":"open","sticky":false,"template":"Default","format":"standard","meta":{"footnotes":""},"categories":[18],"tags":[],"class_list":["post-295218","post","type-post","status-publish","format-standard","has-post-thumbnail","hentry","category-phonandroid"],"_links":{"self":[{"href":"https:\/\/www.evearly.news\/fr\/wp-json\/wp\/v2\/posts\/295218","targetHints":{"allow":["GET"]}}],"collection":[{"href":"https:\/\/www.evearly.news\/fr\/wp-json\/wp\/v2\/posts"}],"about":[{"href":"https:\/\/www.evearly.news\/fr\/wp-json\/wp\/v2\/types\/post"}],"author":[{"embeddable":true,"href":"https:\/\/www.evearly.news\/fr\/wp-json\/wp\/v2\/users\/17"}],"replies":[{"embeddable":true,"href":"https:\/\/www.evearly.news\/fr\/wp-json\/wp\/v2\/comments?post=295218"}],"version-history":[{"count":0,"href":"https:\/\/www.evearly.news\/fr\/wp-json\/wp\/v2\/posts\/295218\/revisions"}],"wp:featuredmedia":[{"embeddable":true,"href":"https:\/\/www.evearly.news\/fr\/wp-json\/wp\/v2\/media\/295219"}],"wp:attachment":[{"href":"https:\/\/www.evearly.news\/fr\/wp-json\/wp\/v2\/media?parent=295218"}],"wp:term":[{"taxonomy":"category","embeddable":true,"href":"https:\/\/www.evearly.news\/fr\/wp-json\/wp\/v2\/categories?post=295218"},{"taxonomy":"post_tag","embeddable":true,"href":"https:\/\/www.evearly.news\/fr\/wp-json\/wp\/v2\/tags?post=295218"}],"curies":[{"name":"wp","href":"https:\/\/api.w.org\/{rel}","templated":true}]}}