{"id":295382,"date":"2025-01-25T09:55:29","date_gmt":"2025-01-25T08:55:29","guid":{"rendered":"https:\/\/www.evearly.news\/fr\/bonus-ecologique-2025-cette-nouvelle-regle-qui-va-priver-des-modeles-fabriques-en-europe-de-toute-subvention\/"},"modified":"2025-01-25T09:55:29","modified_gmt":"2025-01-25T08:55:29","slug":"bonus-ecologique-2025-cette-nouvelle-regle-qui-va-priver-des-modeles-fabriques-en-europe-de-toute-subvention","status":"publish","type":"post","link":"https:\/\/www.evearly.news\/fr\/bonus-ecologique-2025-cette-nouvelle-regle-qui-va-priver-des-modeles-fabriques-en-europe-de-toute-subvention\/","title":{"rendered":"Bonus \u00e9cologique 2025 : cette nouvelle r\u00e8gle qui va priver des mod\u00e8les fabriqu\u00e9s en Europe de toute subvention"},"content":{"rendered":"<div class=\"media_block\"><img decoding=\"async\" src=\"https:\/\/www.evearly.news\/fr\/wp-content\/uploads\/sites\/6\/2025\/01\/bonus-ecologique-2025-cette-nouvelle-regle-qui-va-priver-des-modeles-fabriques-en-europe-de-toute-subvention.jpg\"><\/div>\n<p>Apr\u00e8s avoir r\u00e9duit les montants du bonus \u00e9cologique en fin d&rsquo;ann\u00e9e derni\u00e8re, le Gouvernement durcit encore ce dispositif. Cette fois, c&rsquo;est la fa\u00e7on de calculer le score environnemental qui a \u00e9t\u00e9 revue, ce qui devrait priver certains mod\u00e8les de cette aide comme les Leapmotor T03 et Volvo EX30. <a href=https:\/\/www.automobile-magazine.fr\/toute-l-actualite\/article\/46471-bonus-ecologique-2025-cette-nouvelle-regle-qui-va-priver-des-modeles-fabriques-en-europe-de-toute-subvention target='bwindow'>Lire la suite&#8230;<\/a><\/p>\n","protected":false},"excerpt":{"rendered":"<div class=\"media_block\"><img decoding=\"async\" src=\"https:\/\/www.evearly.news\/fr\/wp-content\/uploads\/sites\/6\/2025\/01\/bonus-ecologique-2025-cette-nouvelle-regle-qui-va-priver-des-modeles-fabriques-en-europe-de-toute-subvention.jpg\"><\/div>\n<p> <a class=\"continue-reading-link\" href=\"https:\/\/www.evearly.news\/fr\/bonus-ecologique-2025-cette-nouvelle-regle-qui-va-priver-des-modeles-fabriques-en-europe-de-toute-subvention\/\"><\/a><\/p>\n","protected":false},"author":7,"featured_media":295383,"comment_status":"closed","ping_status":"open","sticky":false,"template":"Default","format":"standard","meta":{"footnotes":""},"categories":[7],"tags":[],"class_list":["post-295382","post","type-post","status-publish","format-standard","has-post-thumbnail","hentry","category-automobile-magazine"],"_links":{"self":[{"href":"https:\/\/www.evearly.news\/fr\/wp-json\/wp\/v2\/posts\/295382","targetHints":{"allow":["GET"]}}],"collection":[{"href":"https:\/\/www.evearly.news\/fr\/wp-json\/wp\/v2\/posts"}],"about":[{"href":"https:\/\/www.evearly.news\/fr\/wp-json\/wp\/v2\/types\/post"}],"author":[{"embeddable":true,"href":"https:\/\/www.evearly.news\/fr\/wp-json\/wp\/v2\/users\/7"}],"replies":[{"embeddable":true,"href":"https:\/\/www.evearly.news\/fr\/wp-json\/wp\/v2\/comments?post=295382"}],"version-history":[{"count":0,"href":"https:\/\/www.evearly.news\/fr\/wp-json\/wp\/v2\/posts\/295382\/revisions"}],"wp:featuredmedia":[{"embeddable":true,"href":"https:\/\/www.evearly.news\/fr\/wp-json\/wp\/v2\/media\/295383"}],"wp:attachment":[{"href":"https:\/\/www.evearly.news\/fr\/wp-json\/wp\/v2\/media?parent=295382"}],"wp:term":[{"taxonomy":"category","embeddable":true,"href":"https:\/\/www.evearly.news\/fr\/wp-json\/wp\/v2\/categories?post=295382"},{"taxonomy":"post_tag","embeddable":true,"href":"https:\/\/www.evearly.news\/fr\/wp-json\/wp\/v2\/tags?post=295382"}],"curies":[{"name":"wp","href":"https:\/\/api.w.org\/{rel}","templated":true}]}}