{"id":295388,"date":"2025-01-25T11:52:53","date_gmt":"2025-01-25T10:52:53","guid":{"rendered":"https:\/\/www.evearly.news\/fr\/la-plus-rapide-des-cadillac-est-un-suv-electrique\/"},"modified":"2025-01-25T11:52:53","modified_gmt":"2025-01-25T10:52:53","slug":"la-plus-rapide-des-cadillac-est-un-suv-electrique","status":"publish","type":"post","link":"https:\/\/www.evearly.news\/fr\/la-plus-rapide-des-cadillac-est-un-suv-electrique\/","title":{"rendered":"La plus rapide des Cadillac est un SUV \u00e9lectrique"},"content":{"rendered":"<p><img loading=\"lazy\" decoding=\"async\" width=\"500\" height=\"333\" src=\"https:\/\/www.evearly.news\/fr\/wp-content\/uploads\/sites\/6\/2025\/01\/la-plus-rapide-des-cadillac-est-un-suv-electrique.jpg\" class=\"attachment-1200x800 size-1200x800 wp-post-image\" alt=\"Cadillac Lyriq V\" srcset=\"https:\/\/www.evearly.news\/fr\/wp-content\/uploads\/sites\/6\/2025\/01\/la-plus-rapide-des-cadillac-est-un-suv-electrique.jpg 1920w, https:\/\/www.evearly.news\/fr\/wp-content\/uploads\/sites\/6\/2025\/01\/la-plus-rapide-des-cadillac-est-un-suv-electrique-1.jpg 1640w, https:\/\/www.evearly.news\/fr\/wp-content\/uploads\/sites\/6\/2025\/01\/la-plus-rapide-des-cadillac-est-un-suv-electrique-2.jpg 1024w, https:\/\/www.evearly.news\/fr\/wp-content\/uploads\/sites\/6\/2025\/01\/la-plus-rapide-des-cadillac-est-un-suv-electrique-3.jpg 768w, https:\/\/www.evearly.news\/fr\/wp-content\/uploads\/sites\/6\/2025\/01\/la-plus-rapide-des-cadillac-est-un-suv-electrique-4.jpg 1536w, https:\/\/cdn.automobile-propre.com\/uploads\/2025\/01\/Cadillac-Lyriq-V_16-620x349.jpeg 620w\" sizes=\"auto, (max-width: 1200px) 100vw, 1200px\" \/><br \/>\nCadillac rime toujours avec grosse limousine confortable propuls\u00e9e par un V8 ? D\u00e9trompez-vous, la marque am\u00e9ricaine passe \u00e0 l&rsquo;\u00e9lectrique et maintient sa griffe V pour ses mod\u00e8les sportifs. Le SUV \u00e9lectrique Lyriq V est ainsi la Cadillac la plus rapide en 123 ans d&rsquo;histoire.\u00a0<a href=https:\/\/www.automobile-propre.com\/breves\/la-plus-rapide-des-cadillac-est-un-suv-electrique\/ target='bwindow'>Lire la suite&#8230;<\/a><\/p>\n","protected":false},"excerpt":{"rendered":"<p>&#8230; <a class=\"continue-reading-link\" href=\"https:\/\/www.evearly.news\/fr\/la-plus-rapide-des-cadillac-est-un-suv-electrique\/\"><\/a><\/p>\n","protected":false},"author":8,"featured_media":295389,"comment_status":"closed","ping_status":"open","sticky":false,"template":"Default","format":"standard","meta":{"footnotes":""},"categories":[8],"tags":[],"class_list":["post-295388","post","type-post","status-publish","format-standard","has-post-thumbnail","hentry","category-automobile-propre"],"_links":{"self":[{"href":"https:\/\/www.evearly.news\/fr\/wp-json\/wp\/v2\/posts\/295388","targetHints":{"allow":["GET"]}}],"collection":[{"href":"https:\/\/www.evearly.news\/fr\/wp-json\/wp\/v2\/posts"}],"about":[{"href":"https:\/\/www.evearly.news\/fr\/wp-json\/wp\/v2\/types\/post"}],"author":[{"embeddable":true,"href":"https:\/\/www.evearly.news\/fr\/wp-json\/wp\/v2\/users\/8"}],"replies":[{"embeddable":true,"href":"https:\/\/www.evearly.news\/fr\/wp-json\/wp\/v2\/comments?post=295388"}],"version-history":[{"count":0,"href":"https:\/\/www.evearly.news\/fr\/wp-json\/wp\/v2\/posts\/295388\/revisions"}],"wp:featuredmedia":[{"embeddable":true,"href":"https:\/\/www.evearly.news\/fr\/wp-json\/wp\/v2\/media\/295389"}],"wp:attachment":[{"href":"https:\/\/www.evearly.news\/fr\/wp-json\/wp\/v2\/media?parent=295388"}],"wp:term":[{"taxonomy":"category","embeddable":true,"href":"https:\/\/www.evearly.news\/fr\/wp-json\/wp\/v2\/categories?post=295388"},{"taxonomy":"post_tag","embeddable":true,"href":"https:\/\/www.evearly.news\/fr\/wp-json\/wp\/v2\/tags?post=295388"}],"curies":[{"name":"wp","href":"https:\/\/api.w.org\/{rel}","templated":true}]}}