{"id":295396,"date":"2025-01-25T15:21:30","date_gmt":"2025-01-25T14:21:30","guid":{"rendered":"https:\/\/www.evearly.news\/fr\/passeport-pour-la-batterie-des-voitures-electriques-une-solution-cle-en-main-pour-les-constructeurs-automobiles\/"},"modified":"2025-01-25T15:21:30","modified_gmt":"2025-01-25T14:21:30","slug":"passeport-pour-la-batterie-des-voitures-electriques-une-solution-cle-en-main-pour-les-constructeurs-automobiles","status":"publish","type":"post","link":"https:\/\/www.evearly.news\/fr\/passeport-pour-la-batterie-des-voitures-electriques-une-solution-cle-en-main-pour-les-constructeurs-automobiles\/","title":{"rendered":"Passeport pour la batterie des voitures \u00e9lectriques : une solution cl\u00e9 en main pour les constructeurs automobiles"},"content":{"rendered":"<p><img decoding=\"async\" width=\"500\" height=\"333\" src=\"https:\/\/www.evearly.news\/fr\/wp-content\/uploads\/sites\/6\/2025\/01\/passeport-pour-la-batterie-des-voitures-electriques-une-solution-cle-en-main-pour-les-constructeurs-automobiles.jpg\" class=\"attachment-1200x800 size-1200x800 wp-post-image\" alt=\"\" loading=\"lazy\" srcset=\"https:\/\/www.evearly.news\/fr\/wp-content\/uploads\/sites\/6\/2025\/01\/passeport-pour-la-batterie-des-voitures-electriques-une-solution-cle-en-main-pour-les-constructeurs-automobiles.jpg 2000w, https:\/\/www.evearly.news\/fr\/wp-content\/uploads\/sites\/6\/2025\/01\/passeport-pour-la-batterie-des-voitures-electriques-une-solution-cle-en-main-pour-les-constructeurs-automobiles-1.jpg 1640w, https:\/\/www.evearly.news\/fr\/wp-content\/uploads\/sites\/6\/2025\/01\/passeport-pour-la-batterie-des-voitures-electriques-une-solution-cle-en-main-pour-les-constructeurs-automobiles-2.jpg 1024w, https:\/\/www.evearly.news\/fr\/wp-content\/uploads\/sites\/6\/2025\/01\/passeport-pour-la-batterie-des-voitures-electriques-une-solution-cle-en-main-pour-les-constructeurs-automobiles-3.jpg 768w, https:\/\/www.evearly.news\/fr\/wp-content\/uploads\/sites\/6\/2025\/01\/passeport-pour-la-batterie-des-voitures-electriques-une-solution-cle-en-main-pour-les-constructeurs-automobiles-4.jpg 1536w, https:\/\/cdn.automobile-propre.com\/uploads\/2025\/01\/gl_pte_image_bic-without-logo_01.24-620x352.jpg 620w\" sizes=\"auto, (max-width: 1200px) 100vw, 1200px\" \/><br \/>\nBient\u00f4t obligatoire en Europe, le passeport pour batterie promet de marquer un tournant important dans l&rsquo;\u00e9cosyst\u00e8me de la voiture \u00e9lectrique.\u2026\u00a0<a href=https:\/\/www.automobile-propre.com\/articles\/passeport-pour-batterie-voila-une-solution-digitalisee-cle-en-main-pour-les-constructeurs-automobiles\/ target='bwindow'>Lire la suite&#8230;<\/a><\/p>\n","protected":false},"excerpt":{"rendered":"<p>&#8230; <a class=\"continue-reading-link\" href=\"https:\/\/www.evearly.news\/fr\/passeport-pour-la-batterie-des-voitures-electriques-une-solution-cle-en-main-pour-les-constructeurs-automobiles\/\"><\/a><\/p>\n","protected":false},"author":8,"featured_media":295397,"comment_status":"closed","ping_status":"open","sticky":false,"template":"Default","format":"standard","meta":{"footnotes":""},"categories":[8],"tags":[],"class_list":["post-295396","post","type-post","status-publish","format-standard","has-post-thumbnail","hentry","category-automobile-propre"],"_links":{"self":[{"href":"https:\/\/www.evearly.news\/fr\/wp-json\/wp\/v2\/posts\/295396","targetHints":{"allow":["GET"]}}],"collection":[{"href":"https:\/\/www.evearly.news\/fr\/wp-json\/wp\/v2\/posts"}],"about":[{"href":"https:\/\/www.evearly.news\/fr\/wp-json\/wp\/v2\/types\/post"}],"author":[{"embeddable":true,"href":"https:\/\/www.evearly.news\/fr\/wp-json\/wp\/v2\/users\/8"}],"replies":[{"embeddable":true,"href":"https:\/\/www.evearly.news\/fr\/wp-json\/wp\/v2\/comments?post=295396"}],"version-history":[{"count":0,"href":"https:\/\/www.evearly.news\/fr\/wp-json\/wp\/v2\/posts\/295396\/revisions"}],"wp:featuredmedia":[{"embeddable":true,"href":"https:\/\/www.evearly.news\/fr\/wp-json\/wp\/v2\/media\/295397"}],"wp:attachment":[{"href":"https:\/\/www.evearly.news\/fr\/wp-json\/wp\/v2\/media?parent=295396"}],"wp:term":[{"taxonomy":"category","embeddable":true,"href":"https:\/\/www.evearly.news\/fr\/wp-json\/wp\/v2\/categories?post=295396"},{"taxonomy":"post_tag","embeddable":true,"href":"https:\/\/www.evearly.news\/fr\/wp-json\/wp\/v2\/tags?post=295396"}],"curies":[{"name":"wp","href":"https:\/\/api.w.org\/{rel}","templated":true}]}}