{"id":295682,"date":"2025-01-30T10:10:00","date_gmt":"2025-01-30T09:10:00","guid":{"rendered":"https:\/\/www.evearly.news\/fr\/rendez-vous-vendredi-31-janvier-pour-les-images-de-lessai-de-la-fiat-grande-panda\/"},"modified":"2025-01-30T10:10:00","modified_gmt":"2025-01-30T09:10:00","slug":"rendez-vous-vendredi-31-janvier-pour-les-images-de-lessai-de-la-fiat-grande-panda","status":"publish","type":"post","link":"https:\/\/www.evearly.news\/fr\/rendez-vous-vendredi-31-janvier-pour-les-images-de-lessai-de-la-fiat-grande-panda\/","title":{"rendered":"Rendez-vous vendredi 31 janvier pour les images de l&rsquo;essai de la Fiat Grande Panda"},"content":{"rendered":"<p><img decoding=\"async\" src=\"https:\/\/www.evearly.news\/fr\/wp-content\/uploads\/sites\/6\/2025\/01\/rendez-vous-vendredi-31-janvier-pour-les-images-de-lessai-de-la-fiat-grande-panda.jpg\" alt=\"caradisiac\" ><br \/>Apr\u00e8s la Renault 5, voici un autre mod\u00e8le qui risque bien de marquer cette ann\u00e9e 2025. Son nom : Fiat Grande Panda. Comme la fran\u00e7aise, celle-ci reprend un nom mythique. Le charme va-t-il op\u00e9rer ? R\u00e9ponse demain avec les premi\u00e8res images de l&rsquo;essai de la version \u00e9lectrique. <a href=https:\/\/www.caradisiac.com\/rendez-vous-vendredi-31-janvier-pour-les-images-de-l-essai-de-la-fiat-grande-panda-213599.htm#xtor=RSS-40 target=blank>Lire la suite&#8230;<\/a><\/p>\n","protected":false},"excerpt":{"rendered":"<p><img decoding=\"async\" src=\"https:\/\/www.evearly.news\/fr\/wp-content\/uploads\/sites\/6\/2025\/01\/rendez-vous-vendredi-31-janvier-pour-les-images-de-lessai-de-la-fiat-grande-panda.jpg\" alt=\"caradisiac\"><br \/>Apr\u00e8s la Renault 5, voici un autre mod\u00e8le qui risque bien de marquer cette ann\u00e9e 2025. Son nom : Fiat Grande Panda. Comme la fran\u00e7aise, celle-ci reprend un nom mythique. Le charme va-t-il op\u00e9rer ? R\u00e9ponse demain avec les premi\u00e8res images de l&rsquo;essai de la version \u00e9lectrique.<\/p>\n<p> <a class=\"continue-reading-link\" href=\"https:\/\/www.evearly.news\/fr\/rendez-vous-vendredi-31-janvier-pour-les-images-de-lessai-de-la-fiat-grande-panda\/\"><\/a><\/p>\n","protected":false},"author":11,"featured_media":295683,"comment_status":"closed","ping_status":"open","sticky":false,"template":"Default","format":"standard","meta":{"footnotes":""},"categories":[11],"tags":[],"class_list":["post-295682","post","type-post","status-publish","format-standard","has-post-thumbnail","hentry","category-caradisiac"],"_links":{"self":[{"href":"https:\/\/www.evearly.news\/fr\/wp-json\/wp\/v2\/posts\/295682","targetHints":{"allow":["GET"]}}],"collection":[{"href":"https:\/\/www.evearly.news\/fr\/wp-json\/wp\/v2\/posts"}],"about":[{"href":"https:\/\/www.evearly.news\/fr\/wp-json\/wp\/v2\/types\/post"}],"author":[{"embeddable":true,"href":"https:\/\/www.evearly.news\/fr\/wp-json\/wp\/v2\/users\/11"}],"replies":[{"embeddable":true,"href":"https:\/\/www.evearly.news\/fr\/wp-json\/wp\/v2\/comments?post=295682"}],"version-history":[{"count":0,"href":"https:\/\/www.evearly.news\/fr\/wp-json\/wp\/v2\/posts\/295682\/revisions"}],"wp:featuredmedia":[{"embeddable":true,"href":"https:\/\/www.evearly.news\/fr\/wp-json\/wp\/v2\/media\/295683"}],"wp:attachment":[{"href":"https:\/\/www.evearly.news\/fr\/wp-json\/wp\/v2\/media?parent=295682"}],"wp:term":[{"taxonomy":"category","embeddable":true,"href":"https:\/\/www.evearly.news\/fr\/wp-json\/wp\/v2\/categories?post=295682"},{"taxonomy":"post_tag","embeddable":true,"href":"https:\/\/www.evearly.news\/fr\/wp-json\/wp\/v2\/tags?post=295682"}],"curies":[{"name":"wp","href":"https:\/\/api.w.org\/{rel}","templated":true}]}}