{"id":295746,"date":"2025-01-31T11:20:16","date_gmt":"2025-01-31T10:20:16","guid":{"rendered":"https:\/\/www.evearly.news\/fr\/prix-volkswagen-e-transporter-et-e-caravelle-les-versions-electriques-disponibles-a-la-commande\/"},"modified":"2025-01-31T11:20:16","modified_gmt":"2025-01-31T10:20:16","slug":"prix-volkswagen-e-transporter-et-e-caravelle-les-versions-electriques-disponibles-a-la-commande","status":"publish","type":"post","link":"https:\/\/www.evearly.news\/fr\/prix-volkswagen-e-transporter-et-e-caravelle-les-versions-electriques-disponibles-a-la-commande\/","title":{"rendered":"Prix Volkswagen e-Transporter et e-Caravelle : les versions \u00e9lectriques disponibles \u00e0 la commande"},"content":{"rendered":"<p><img decoding=\"async\" src=\"https:\/\/www.evearly.news\/fr\/wp-content\/uploads\/sites\/6\/2025\/01\/prix-volkswagen-e-transporter-et-e-caravelle-les-versions-electriques-disponibles-a-la-commande.webp\" alt=\"auto-moto\"><br \/>R\u00e9v\u00e9l\u00e9e en d\u00e9tail \u00e0 l\u2019automne dernier, la septi\u00e8me g\u00e9n\u00e9ration du Volkswagen Transporter est d\u00e9sormais disponible \u00e0 la commande. Apr\u00e8s les variantes diesel, c\u2019est au tour de l\u2019\u00e9lectrique de rejoindre le catalogue. <a href=https:\/\/www.auto-moto.com\/prix-du-neuf\/prix-volkswagen-e-transporter-et-e-caravelle--les-versions-electriques-disponibles-a-la-commande-53013 target=blank>Lire la suite&#8230;<\/a><\/p>\n","protected":false},"excerpt":{"rendered":"<p>R\u00e9v\u00e9l\u00e9e en d\u00e9tail \u00e0 l\u2019automne dernier, la septi\u00e8me g\u00e9n\u00e9ration du Volkswagen Transporter est d\u00e9sormais disponible \u00e0 la commande. Apr\u00e8s les variantes diesel, c\u2019est au tour de l\u2019\u00e9lectrique de rejoindre le catalogue&#8230;. <a class=\"continue-reading-link\" href=\"https:\/\/www.evearly.news\/fr\/prix-volkswagen-e-transporter-et-e-caravelle-les-versions-electriques-disponibles-a-la-commande\/\"><\/a><\/p>\n","protected":false},"author":9,"featured_media":295747,"comment_status":"closed","ping_status":"open","sticky":false,"template":"Default","format":"standard","meta":{"footnotes":""},"categories":[10],"tags":[],"class_list":["post-295746","post","type-post","status-publish","format-standard","has-post-thumbnail","hentry","category-auto-moto-com"],"_links":{"self":[{"href":"https:\/\/www.evearly.news\/fr\/wp-json\/wp\/v2\/posts\/295746","targetHints":{"allow":["GET"]}}],"collection":[{"href":"https:\/\/www.evearly.news\/fr\/wp-json\/wp\/v2\/posts"}],"about":[{"href":"https:\/\/www.evearly.news\/fr\/wp-json\/wp\/v2\/types\/post"}],"author":[{"embeddable":true,"href":"https:\/\/www.evearly.news\/fr\/wp-json\/wp\/v2\/users\/9"}],"replies":[{"embeddable":true,"href":"https:\/\/www.evearly.news\/fr\/wp-json\/wp\/v2\/comments?post=295746"}],"version-history":[{"count":0,"href":"https:\/\/www.evearly.news\/fr\/wp-json\/wp\/v2\/posts\/295746\/revisions"}],"wp:featuredmedia":[{"embeddable":true,"href":"https:\/\/www.evearly.news\/fr\/wp-json\/wp\/v2\/media\/295747"}],"wp:attachment":[{"href":"https:\/\/www.evearly.news\/fr\/wp-json\/wp\/v2\/media?parent=295746"}],"wp:term":[{"taxonomy":"category","embeddable":true,"href":"https:\/\/www.evearly.news\/fr\/wp-json\/wp\/v2\/categories?post=295746"},{"taxonomy":"post_tag","embeddable":true,"href":"https:\/\/www.evearly.news\/fr\/wp-json\/wp\/v2\/tags?post=295746"}],"curies":[{"name":"wp","href":"https:\/\/api.w.org\/{rel}","templated":true}]}}