{"id":296528,"date":"2025-02-13T11:20:05","date_gmt":"2025-02-13T10:20:05","guid":{"rendered":"https:\/\/www.evearly.news\/fr\/une-version-cross-country-pour-le-volvo-ex30\/"},"modified":"2025-02-13T11:20:05","modified_gmt":"2025-02-13T10:20:05","slug":"une-version-cross-country-pour-le-volvo-ex30","status":"publish","type":"post","link":"https:\/\/www.evearly.news\/fr\/une-version-cross-country-pour-le-volvo-ex30\/","title":{"rendered":"Une version Cross Country pour le Volvo EX30"},"content":{"rendered":"<p><img width=\"1000\" height=\"563\" src=\"https:\/\/www.evearly.news\/fr\/wp-content\/uploads\/sites\/6\/2025\/02\/une-version-cross-country-pour-le-volvo-ex30.jpg\" class=\"attachment-post-thumbnail size-post-thumbnail wp-post-image\" alt=\"Volvo EX30 Cross Country\" decoding=\"async\" fetchpriority=\"high\" srcset=\"https:\/\/www.evearly.news\/fr\/wp-content\/uploads\/sites\/6\/2025\/02\/une-version-cross-country-pour-le-volvo-ex30.jpg 1000w, https:\/\/www.evearly.news\/fr\/wp-content\/uploads\/sites\/6\/2025\/02\/une-version-cross-country-pour-le-volvo-ex30-1.jpg 300w, https:\/\/www.evearly.news\/fr\/wp-content\/uploads\/sites\/6\/2025\/02\/une-version-cross-country-pour-le-volvo-ex30-2.jpg 998w, https:\/\/www.avem.fr\/wp-content\/uploads\/2025\/02\/Volvo-EX30-Cross-Country-Une-768x432.jpg 768w\" sizes=\"(max-width: 1000px) 100vw, 1000px\" \/>Depuis 25 ans, Volvo a l\u2019habitude de d\u00e9cliner ses mod\u00e8les en une version Cross Country taill\u00e9e pour l\u2019aventure. Cette fois, la marque reprend la recette avec son petit SUV \u00e9lectrique EX30 qui connait un joli succ\u00e8s en Europe. Pour sa pr\u00e9sentation, Volvo a choisi un chalet isol\u00e9 et ses abords [\u2026] <a href=https:\/\/www.avem.fr\/2025\/02\/13\/une-version-cross-country-pour-le-volvo-ex30\/ target=blank>Lire la suite&#8230;<\/a><\/p>\n","protected":false},"excerpt":{"rendered":"<p><img loading=\"lazy\" decoding=\"async\" width=\"1000\" height=\"563\" src=\"https:\/\/www.evearly.news\/fr\/wp-content\/uploads\/sites\/6\/2025\/02\/une-version-cross-country-pour-le-volvo-ex30.jpg\" class=\"attachment-post-thumbnail size-post-thumbnail wp-post-image\" alt=\"Volvo EX30 Cross Country\" \/>Depuis 25 ans, Volvo a l\u2019habitude de d\u00e9cliner ses mod\u00e8les en une version Cross Country taill\u00e9e pour l\u2019aventure. Cette fois, la marque reprend la recette avec son petit SUV \u00e9lectrique EX30 qui connait un joli succ\u00e8s en Europe. Pour sa pr\u00e9sentation, Volvo a choisi un chalet isol\u00e9 et ses abords [\u2026] <a class=\"continue-reading-link\" href=\"https:\/\/www.evearly.news\/fr\/une-version-cross-country-pour-le-volvo-ex30\/\"><\/a><\/p>\n","protected":false},"author":3,"featured_media":296529,"comment_status":"closed","ping_status":"open","sticky":false,"template":"Default","format":"standard","meta":{"footnotes":""},"categories":[3],"tags":[],"class_list":["post-296528","post","type-post","status-publish","format-standard","has-post-thumbnail","hentry","category-avem"],"_links":{"self":[{"href":"https:\/\/www.evearly.news\/fr\/wp-json\/wp\/v2\/posts\/296528","targetHints":{"allow":["GET"]}}],"collection":[{"href":"https:\/\/www.evearly.news\/fr\/wp-json\/wp\/v2\/posts"}],"about":[{"href":"https:\/\/www.evearly.news\/fr\/wp-json\/wp\/v2\/types\/post"}],"author":[{"embeddable":true,"href":"https:\/\/www.evearly.news\/fr\/wp-json\/wp\/v2\/users\/3"}],"replies":[{"embeddable":true,"href":"https:\/\/www.evearly.news\/fr\/wp-json\/wp\/v2\/comments?post=296528"}],"version-history":[{"count":0,"href":"https:\/\/www.evearly.news\/fr\/wp-json\/wp\/v2\/posts\/296528\/revisions"}],"wp:featuredmedia":[{"embeddable":true,"href":"https:\/\/www.evearly.news\/fr\/wp-json\/wp\/v2\/media\/296529"}],"wp:attachment":[{"href":"https:\/\/www.evearly.news\/fr\/wp-json\/wp\/v2\/media?parent=296528"}],"wp:term":[{"taxonomy":"category","embeddable":true,"href":"https:\/\/www.evearly.news\/fr\/wp-json\/wp\/v2\/categories?post=296528"},{"taxonomy":"post_tag","embeddable":true,"href":"https:\/\/www.evearly.news\/fr\/wp-json\/wp\/v2\/tags?post=296528"}],"curies":[{"name":"wp","href":"https:\/\/api.w.org\/{rel}","templated":true}]}}