{"id":296530,"date":"2025-02-13T11:23:19","date_gmt":"2025-02-13T10:23:19","guid":{"rendered":"https:\/\/www.evearly.news\/fr\/la-volkswagen-electrique-a-20-000-e-commence-a-bien-se-montrer\/"},"modified":"2025-02-13T11:23:19","modified_gmt":"2025-02-13T10:23:19","slug":"la-volkswagen-electrique-a-20-000-e-commence-a-bien-se-montrer","status":"publish","type":"post","link":"https:\/\/www.evearly.news\/fr\/la-volkswagen-electrique-a-20-000-e-commence-a-bien-se-montrer\/","title":{"rendered":"La Volkswagen \u00e9lectrique \u00e0 20 000 \u20ac commence \u00e0 bien se montrer"},"content":{"rendered":"<p><img loading=\"lazy\" decoding=\"async\" width=\"500\" height=\"333\" src=\"https:\/\/www.evearly.news\/fr\/wp-content\/uploads\/sites\/6\/2025\/02\/la-volkswagen-electrique-a-20-000-e-commence-a-bien-se-montrer.png\" class=\"attachment-1200x800 size-1200x800 wp-post-image\" alt=\"\" srcset=\"https:\/\/www.evearly.news\/fr\/wp-content\/uploads\/sites\/6\/2025\/02\/la-volkswagen-electrique-a-20-000-e-commence-a-bien-se-montrer.png 968w, https:\/\/www.evearly.news\/fr\/wp-content\/uploads\/sites\/6\/2025\/02\/la-volkswagen-electrique-a-20-000-e-commence-a-bien-se-montrer-1.png 768w, https:\/\/cdn.automobile-propre.com\/uploads\/2025\/02\/Capture-decran-2025-02-13-a-10.32.09-598x413.png 598w\" sizes=\"auto, (max-width: 968px) 100vw, 968px\" \/><br \/>\nVolkswagen a publi\u00e9 deux dessins du concept qui pr\u00e9figure sa future petite citadine \u00e9lectrique. Le prototype sera r\u00e9v\u00e9l\u00e9 le 5 mars.\u00a0<a href=https:\/\/www.automobile-propre.com\/breves\/la-volkswagen-electrique-a-20-000-e-commence-a-bien-se-montrer\/ target='bwindow'>Lire la suite&#8230;<\/a><\/p>\n","protected":false},"excerpt":{"rendered":"<p>&#8230; <a class=\"continue-reading-link\" href=\"https:\/\/www.evearly.news\/fr\/la-volkswagen-electrique-a-20-000-e-commence-a-bien-se-montrer\/\"><\/a><\/p>\n","protected":false},"author":8,"featured_media":296531,"comment_status":"closed","ping_status":"open","sticky":false,"template":"Default","format":"standard","meta":{"footnotes":""},"categories":[8],"tags":[],"class_list":["post-296530","post","type-post","status-publish","format-standard","has-post-thumbnail","hentry","category-automobile-propre"],"_links":{"self":[{"href":"https:\/\/www.evearly.news\/fr\/wp-json\/wp\/v2\/posts\/296530","targetHints":{"allow":["GET"]}}],"collection":[{"href":"https:\/\/www.evearly.news\/fr\/wp-json\/wp\/v2\/posts"}],"about":[{"href":"https:\/\/www.evearly.news\/fr\/wp-json\/wp\/v2\/types\/post"}],"author":[{"embeddable":true,"href":"https:\/\/www.evearly.news\/fr\/wp-json\/wp\/v2\/users\/8"}],"replies":[{"embeddable":true,"href":"https:\/\/www.evearly.news\/fr\/wp-json\/wp\/v2\/comments?post=296530"}],"version-history":[{"count":0,"href":"https:\/\/www.evearly.news\/fr\/wp-json\/wp\/v2\/posts\/296530\/revisions"}],"wp:featuredmedia":[{"embeddable":true,"href":"https:\/\/www.evearly.news\/fr\/wp-json\/wp\/v2\/media\/296531"}],"wp:attachment":[{"href":"https:\/\/www.evearly.news\/fr\/wp-json\/wp\/v2\/media?parent=296530"}],"wp:term":[{"taxonomy":"category","embeddable":true,"href":"https:\/\/www.evearly.news\/fr\/wp-json\/wp\/v2\/categories?post=296530"},{"taxonomy":"post_tag","embeddable":true,"href":"https:\/\/www.evearly.news\/fr\/wp-json\/wp\/v2\/tags?post=296530"}],"curies":[{"name":"wp","href":"https:\/\/api.w.org\/{rel}","templated":true}]}}