{"id":296534,"date":"2025-02-13T11:29:44","date_gmt":"2025-02-13T10:29:44","guid":{"rendered":"https:\/\/www.evearly.news\/fr\/kia-annonce-trois-nouveaux-modeles-electriques-voici-les-premieres-images\/"},"modified":"2025-02-13T11:29:44","modified_gmt":"2025-02-13T10:29:44","slug":"kia-annonce-trois-nouveaux-modeles-electriques-voici-les-premieres-images","status":"publish","type":"post","link":"https:\/\/www.evearly.news\/fr\/kia-annonce-trois-nouveaux-modeles-electriques-voici-les-premieres-images\/","title":{"rendered":"Kia annonce trois nouveaux mod\u00e8les \u00e9lectriques, voici les premi\u00e8res images"},"content":{"rendered":"<div class=\"media_block\"><img decoding=\"async\" src=\"https:\/\/www.evearly.news\/fr\/wp-content\/uploads\/sites\/6\/2025\/02\/kia-annonce-trois-nouveaux-modeles-electriques-voici-les-premieres-images.png\"><\/div>\n<p>Fin f\u00e9vrier, Kia d\u00e9voilera trois nouveaut\u00e9s \u00e9lectriques dont le concept qui pr\u00e9figure la fameuse EV2, la petite \u00e0 batterie de la marque <a href=https:\/\/www.automobile-magazine.fr\/voitures-electriques\/article\/46777-kia-annonce-trois-nouveaux-modeles-electriques-voici-les-premieres-images target='bwindow'>Lire la suite&#8230;<\/a><\/p>\n","protected":false},"excerpt":{"rendered":"<div class=\"media_block\"><img decoding=\"async\" src=\"https:\/\/www.evearly.news\/fr\/wp-content\/uploads\/sites\/6\/2025\/02\/kia-annonce-trois-nouveaux-modeles-electriques-voici-les-premieres-images.png\"><\/div>\n<p> <a class=\"continue-reading-link\" href=\"https:\/\/www.evearly.news\/fr\/kia-annonce-trois-nouveaux-modeles-electriques-voici-les-premieres-images\/\"><\/a><\/p>\n","protected":false},"author":7,"featured_media":296535,"comment_status":"closed","ping_status":"open","sticky":false,"template":"Default","format":"standard","meta":{"footnotes":""},"categories":[7],"tags":[],"class_list":["post-296534","post","type-post","status-publish","format-standard","has-post-thumbnail","hentry","category-automobile-magazine"],"_links":{"self":[{"href":"https:\/\/www.evearly.news\/fr\/wp-json\/wp\/v2\/posts\/296534","targetHints":{"allow":["GET"]}}],"collection":[{"href":"https:\/\/www.evearly.news\/fr\/wp-json\/wp\/v2\/posts"}],"about":[{"href":"https:\/\/www.evearly.news\/fr\/wp-json\/wp\/v2\/types\/post"}],"author":[{"embeddable":true,"href":"https:\/\/www.evearly.news\/fr\/wp-json\/wp\/v2\/users\/7"}],"replies":[{"embeddable":true,"href":"https:\/\/www.evearly.news\/fr\/wp-json\/wp\/v2\/comments?post=296534"}],"version-history":[{"count":0,"href":"https:\/\/www.evearly.news\/fr\/wp-json\/wp\/v2\/posts\/296534\/revisions"}],"wp:featuredmedia":[{"embeddable":true,"href":"https:\/\/www.evearly.news\/fr\/wp-json\/wp\/v2\/media\/296535"}],"wp:attachment":[{"href":"https:\/\/www.evearly.news\/fr\/wp-json\/wp\/v2\/media?parent=296534"}],"wp:term":[{"taxonomy":"category","embeddable":true,"href":"https:\/\/www.evearly.news\/fr\/wp-json\/wp\/v2\/categories?post=296534"},{"taxonomy":"post_tag","embeddable":true,"href":"https:\/\/www.evearly.news\/fr\/wp-json\/wp\/v2\/tags?post=296534"}],"curies":[{"name":"wp","href":"https:\/\/api.w.org\/{rel}","templated":true}]}}