{"id":296536,"date":"2025-02-13T11:30:19","date_gmt":"2025-02-13T10:30:19","guid":{"rendered":"https:\/\/www.evearly.news\/fr\/le-n1-de-la-voiture-electrique-veut-maintenant-proposer-la-conduite-autonome-a-moins-de-10-000-e\/"},"modified":"2025-02-13T11:30:19","modified_gmt":"2025-02-13T10:30:19","slug":"le-n1-de-la-voiture-electrique-veut-maintenant-proposer-la-conduite-autonome-a-moins-de-10-000-e","status":"publish","type":"post","link":"https:\/\/www.evearly.news\/fr\/le-n1-de-la-voiture-electrique-veut-maintenant-proposer-la-conduite-autonome-a-moins-de-10-000-e\/","title":{"rendered":"Le n\u00b01 de la voiture \u00e9lectrique veut maintenant proposer la conduite autonome \u00e0 moins de 10 000 \u20ac"},"content":{"rendered":"<div class=\"media_block\"><img decoding=\"async\" src=\"https:\/\/www.evearly.news\/fr\/wp-content\/uploads\/sites\/6\/2025\/02\/le-n1-de-la-voiture-electrique-veut-maintenant-proposer-la-conduite-autonome-a-moins-de-10-000-e.jpg\"><\/div>\n<p>Le constructeur chinois BYD, qui a vendu plus de 1,7 million de voitures \u00e9lectriques l\u2019an pass\u00e9, frappe un grand coup en annon\u00e7ant l\u2019int\u00e9gration de son nouveau syst\u00e8me d&rsquo;assistance \u00e0 la conduite, \u201cGod\u2019s Eye\u201d, sur toute sa gamme de voitures, y compris des mod\u00e8les \u00e0 moins de 10 000 \u20ac. <a href=https:\/\/www.automobile-magazine.fr\/toute-l-actualite\/article\/46758-le-n1-de-la-voiture-electrique-veut-maintenant-proposer-la-conduite-autonome-a-moins-de-10-000-eur target='bwindow'>Lire la suite&#8230;<\/a><\/p>\n","protected":false},"excerpt":{"rendered":"<div class=\"media_block\"><img decoding=\"async\" src=\"https:\/\/www.evearly.news\/fr\/wp-content\/uploads\/sites\/6\/2025\/02\/le-n1-de-la-voiture-electrique-veut-maintenant-proposer-la-conduite-autonome-a-moins-de-10-000-e.jpg\"><\/div>\n<p> <a class=\"continue-reading-link\" href=\"https:\/\/www.evearly.news\/fr\/le-n1-de-la-voiture-electrique-veut-maintenant-proposer-la-conduite-autonome-a-moins-de-10-000-e\/\"><\/a><\/p>\n","protected":false},"author":7,"featured_media":296537,"comment_status":"closed","ping_status":"open","sticky":false,"template":"Default","format":"standard","meta":{"footnotes":""},"categories":[7],"tags":[],"class_list":["post-296536","post","type-post","status-publish","format-standard","has-post-thumbnail","hentry","category-automobile-magazine"],"_links":{"self":[{"href":"https:\/\/www.evearly.news\/fr\/wp-json\/wp\/v2\/posts\/296536","targetHints":{"allow":["GET"]}}],"collection":[{"href":"https:\/\/www.evearly.news\/fr\/wp-json\/wp\/v2\/posts"}],"about":[{"href":"https:\/\/www.evearly.news\/fr\/wp-json\/wp\/v2\/types\/post"}],"author":[{"embeddable":true,"href":"https:\/\/www.evearly.news\/fr\/wp-json\/wp\/v2\/users\/7"}],"replies":[{"embeddable":true,"href":"https:\/\/www.evearly.news\/fr\/wp-json\/wp\/v2\/comments?post=296536"}],"version-history":[{"count":0,"href":"https:\/\/www.evearly.news\/fr\/wp-json\/wp\/v2\/posts\/296536\/revisions"}],"wp:featuredmedia":[{"embeddable":true,"href":"https:\/\/www.evearly.news\/fr\/wp-json\/wp\/v2\/media\/296537"}],"wp:attachment":[{"href":"https:\/\/www.evearly.news\/fr\/wp-json\/wp\/v2\/media?parent=296536"}],"wp:term":[{"taxonomy":"category","embeddable":true,"href":"https:\/\/www.evearly.news\/fr\/wp-json\/wp\/v2\/categories?post=296536"},{"taxonomy":"post_tag","embeddable":true,"href":"https:\/\/www.evearly.news\/fr\/wp-json\/wp\/v2\/tags?post=296536"}],"curies":[{"name":"wp","href":"https:\/\/api.w.org\/{rel}","templated":true}]}}