{"id":296668,"date":"2025-02-15T08:50:04","date_gmt":"2025-02-15T07:50:04","guid":{"rendered":"https:\/\/www.evearly.news\/fr\/charge-france-les-operateurs-de-recharge-sunissent-et-envisagent-de-gros-investissements\/"},"modified":"2025-02-15T08:50:04","modified_gmt":"2025-02-15T07:50:04","slug":"charge-france-les-operateurs-de-recharge-sunissent-et-envisagent-de-gros-investissements","status":"publish","type":"post","link":"https:\/\/www.evearly.news\/fr\/charge-france-les-operateurs-de-recharge-sunissent-et-envisagent-de-gros-investissements\/","title":{"rendered":"Charge France : les op\u00e9rateurs de recharge s\u2019unissent et envisagent de gros investissements"},"content":{"rendered":"<p><img width=\"1000\" height=\"563\" src=\"https:\/\/www.evearly.news\/fr\/wp-content\/uploads\/sites\/6\/2025\/02\/charge-france-les-operateurs-de-recharge-sunissent-et-envisagent-de-gros-investissements.jpg\" class=\"attachment-post-thumbnail size-post-thumbnail wp-post-image\" alt=\"Charge France Op\u00e9rateurs Recharge\" decoding=\"async\" fetchpriority=\"high\" srcset=\"https:\/\/www.evearly.news\/fr\/wp-content\/uploads\/sites\/6\/2025\/02\/charge-france-les-operateurs-de-recharge-sunissent-et-envisagent-de-gros-investissements.jpg 1000w, https:\/\/www.evearly.news\/fr\/wp-content\/uploads\/sites\/6\/2025\/02\/charge-france-les-operateurs-de-recharge-sunissent-et-envisagent-de-gros-investissements-1.jpg 300w, https:\/\/www.evearly.news\/fr\/wp-content\/uploads\/sites\/6\/2025\/02\/charge-france-les-operateurs-de-recharge-sunissent-et-envisagent-de-gros-investissements-2.jpg 998w, https:\/\/www.avem.fr\/wp-content\/uploads\/2025\/02\/Charge-France-Une-768x432.jpg 768w\" sizes=\"(max-width: 1000px) 100vw, 1000px\" \/>13 op\u00e9rateurs de recharge pour v\u00e9hicules \u00e9lectriques viennent de s\u2019associer pour cr\u00e9er Charge France. Une association visant \u00e0 structurer et \u00e0 dynamiser l\u2019\u00e9cosyst\u00e8me de la recharge. Charge France entend aussi se positionner comme un interlocuteur privil\u00e9gi\u00e9 des pouvoirs publics. Un interlocuteur qui puisse peser d\u2019un certain poids face \u00e0 l\u2019influence [\u2026] <a href=https:\/\/www.avem.fr\/2025\/02\/15\/charge-france-les-operateurs-de-recharge-sunissent-et-envisagent-de-gros-investissements\/ target=blank>Lire la suite&#8230;<\/a><\/p>\n","protected":false},"excerpt":{"rendered":"<p><img loading=\"lazy\" decoding=\"async\" width=\"1000\" height=\"563\" src=\"https:\/\/www.evearly.news\/fr\/wp-content\/uploads\/sites\/6\/2025\/02\/charge-france-les-operateurs-de-recharge-sunissent-et-envisagent-de-gros-investissements.jpg\" class=\"attachment-post-thumbnail size-post-thumbnail wp-post-image\" alt=\"Charge France Op\u00e9rateurs Recharge\" \/>13 op\u00e9rateurs de recharge pour v\u00e9hicules \u00e9lectriques viennent de s\u2019associer pour cr\u00e9er Charge France. Une association visant \u00e0 structurer et \u00e0 dynamiser l\u2019\u00e9cosyst\u00e8me de la recharge. Charge France entend aussi se positionner comme un interlocuteur privil\u00e9gi\u00e9 des pouvoirs publics. Un interlocuteur qui puisse peser d\u2019un certain poids face \u00e0 l\u2019influence [\u2026] <a class=\"continue-reading-link\" href=\"https:\/\/www.evearly.news\/fr\/charge-france-les-operateurs-de-recharge-sunissent-et-envisagent-de-gros-investissements\/\"><\/a><\/p>\n","protected":false},"author":3,"featured_media":296669,"comment_status":"closed","ping_status":"open","sticky":false,"template":"Default","format":"standard","meta":{"footnotes":""},"categories":[3],"tags":[],"class_list":["post-296668","post","type-post","status-publish","format-standard","has-post-thumbnail","hentry","category-avem"],"_links":{"self":[{"href":"https:\/\/www.evearly.news\/fr\/wp-json\/wp\/v2\/posts\/296668","targetHints":{"allow":["GET"]}}],"collection":[{"href":"https:\/\/www.evearly.news\/fr\/wp-json\/wp\/v2\/posts"}],"about":[{"href":"https:\/\/www.evearly.news\/fr\/wp-json\/wp\/v2\/types\/post"}],"author":[{"embeddable":true,"href":"https:\/\/www.evearly.news\/fr\/wp-json\/wp\/v2\/users\/3"}],"replies":[{"embeddable":true,"href":"https:\/\/www.evearly.news\/fr\/wp-json\/wp\/v2\/comments?post=296668"}],"version-history":[{"count":0,"href":"https:\/\/www.evearly.news\/fr\/wp-json\/wp\/v2\/posts\/296668\/revisions"}],"wp:featuredmedia":[{"embeddable":true,"href":"https:\/\/www.evearly.news\/fr\/wp-json\/wp\/v2\/media\/296669"}],"wp:attachment":[{"href":"https:\/\/www.evearly.news\/fr\/wp-json\/wp\/v2\/media?parent=296668"}],"wp:term":[{"taxonomy":"category","embeddable":true,"href":"https:\/\/www.evearly.news\/fr\/wp-json\/wp\/v2\/categories?post=296668"},{"taxonomy":"post_tag","embeddable":true,"href":"https:\/\/www.evearly.news\/fr\/wp-json\/wp\/v2\/tags?post=296668"}],"curies":[{"name":"wp","href":"https:\/\/api.w.org\/{rel}","templated":true}]}}