{"id":296678,"date":"2025-02-15T11:03:54","date_gmt":"2025-02-15T10:03:54","guid":{"rendered":"https:\/\/www.evearly.news\/fr\/jetais-fier-davoir-une-tesla-jusqua-ce-que-tout-change\/"},"modified":"2025-02-15T11:03:54","modified_gmt":"2025-02-15T10:03:54","slug":"jetais-fier-davoir-une-tesla-jusqua-ce-que-tout-change","status":"publish","type":"post","link":"https:\/\/www.evearly.news\/fr\/jetais-fier-davoir-une-tesla-jusqua-ce-que-tout-change\/","title":{"rendered":"J\u2019\u00e9tais fier d\u2019avoir une Tesla\u2026 jusqu\u2019\u00e0 ce que tout change"},"content":{"rendered":"<p><img loading=\"lazy\" width=\"1200\" height=\"675\" src=\"https:\/\/www.evearly.news\/fr\/wp-content\/uploads\/sites\/6\/2025\/02\/jetais-fier-davoir-une-tesla-jusqua-ce-que-tout-change.jpg\" class=\"attachment-full size-full wp-post-image\" alt=\"\" decoding=\"async\" \/<br \/>\nEDITO. J&rsquo;ai connu l&rsquo;excitation de rejoindre ce qui semblait \u00eatre une r\u00e9volution technologique et \u00e9cologique. Quatre ans plus tard, l&#8217;empire Tesla vacille, et ce r\u00eave \u00e9lectrique tourne au cauchemar. Face aux d\u00e9rives de son CEO Elon Musk, une vague de rejet sans pr\u00e9c\u00e9dent d\u00e9ferle. Clients d\u00e9\u00e7us, entreprises en retrait \u2014 j&rsquo;assiste, comme des milliers d&rsquo;autres propri\u00e9taires, \u00e0 l&rsquo;effondrement d&rsquo;une utopie.<br \/>\n <a href=https:\/\/www.frandroid.com\/marques\/tesla\/2506915_jetais-fier-davoir-une-tesla-jusqua-ce-que-tout-change target='blank'>Lire la suite&#8230;<\/a><\/p>\n","protected":false},"excerpt":{"rendered":"<p>&lt;img width=&quot;1200&quot; height=&quot;675&quot; src=&quot;https:\/\/www.evearly.news\/fr\/wp-content\/uploads\/sites\/6\/2025\/02\/jetais-fier-davoir-une-tesla-jusqua-ce-que-tout-change.jpg&quot; class=&quot;attachment-full size-full wp-post-image&quot; alt=&quot;&quot; decoding=&quot;async&quot; \/<br \/>\nEDITO. J&rsquo;ai connu l&rsquo;excitation de rejoindre ce qui semblait \u00eatre une r\u00e9volution technologique et \u00e9cologique. Quatre ans plus tard, l&#8217;empire Tesla vacille, et ce r\u00eave \u00e9lectrique tourne au cauchemar. Face aux d\u00e9rives de son CEO Elon Musk, une vague de rejet sans pr\u00e9c\u00e9dent d\u00e9ferle. Clients d\u00e9\u00e7us, entreprises en retrait \u2014 j&rsquo;assiste, comme des milliers d&rsquo;autres propri\u00e9taires, \u00e0 l&rsquo;effondrement d&rsquo;une utopie.\n<\/p>\n<p> <a class=\"continue-reading-link\" href=\"https:\/\/www.evearly.news\/fr\/jetais-fier-davoir-une-tesla-jusqua-ce-que-tout-change\/\"><\/a><\/p>\n","protected":false},"author":6,"featured_media":296679,"comment_status":"closed","ping_status":"open","sticky":false,"template":"Default","format":"standard","meta":{"footnotes":""},"categories":[14],"tags":[],"class_list":["post-296678","post","type-post","status-publish","format-standard","has-post-thumbnail","hentry","category-frandroid"],"_links":{"self":[{"href":"https:\/\/www.evearly.news\/fr\/wp-json\/wp\/v2\/posts\/296678","targetHints":{"allow":["GET"]}}],"collection":[{"href":"https:\/\/www.evearly.news\/fr\/wp-json\/wp\/v2\/posts"}],"about":[{"href":"https:\/\/www.evearly.news\/fr\/wp-json\/wp\/v2\/types\/post"}],"author":[{"embeddable":true,"href":"https:\/\/www.evearly.news\/fr\/wp-json\/wp\/v2\/users\/6"}],"replies":[{"embeddable":true,"href":"https:\/\/www.evearly.news\/fr\/wp-json\/wp\/v2\/comments?post=296678"}],"version-history":[{"count":0,"href":"https:\/\/www.evearly.news\/fr\/wp-json\/wp\/v2\/posts\/296678\/revisions"}],"wp:featuredmedia":[{"embeddable":true,"href":"https:\/\/www.evearly.news\/fr\/wp-json\/wp\/v2\/media\/296679"}],"wp:attachment":[{"href":"https:\/\/www.evearly.news\/fr\/wp-json\/wp\/v2\/media?parent=296678"}],"wp:term":[{"taxonomy":"category","embeddable":true,"href":"https:\/\/www.evearly.news\/fr\/wp-json\/wp\/v2\/categories?post=296678"},{"taxonomy":"post_tag","embeddable":true,"href":"https:\/\/www.evearly.news\/fr\/wp-json\/wp\/v2\/tags?post=296678"}],"curies":[{"name":"wp","href":"https:\/\/api.w.org\/{rel}","templated":true}]}}