{"id":297161,"date":"2025-02-24T11:53:09","date_gmt":"2025-02-24T10:53:09","guid":{"rendered":"https:\/\/www.evearly.news\/fr\/mercedes-va-lancer-un-glc-electrique-pour-concurrencer-le-tesla-model-y\/"},"modified":"2025-02-24T11:53:09","modified_gmt":"2025-02-24T10:53:09","slug":"mercedes-va-lancer-un-glc-electrique-pour-concurrencer-le-tesla-model-y","status":"publish","type":"post","link":"https:\/\/www.evearly.news\/fr\/mercedes-va-lancer-un-glc-electrique-pour-concurrencer-le-tesla-model-y\/","title":{"rendered":"Mercedes va lancer un GLC \u00e9lectrique pour concurrencer le Tesla Model Y"},"content":{"rendered":"<p><img loading=\"lazy\" decoding=\"async\" width=\"500\" height=\"333\" src=\"https:\/\/www.evearly.news\/fr\/wp-content\/uploads\/sites\/6\/2025\/02\/mercedes-va-lancer-un-glc-electrique-pour-concurrencer-le-tesla-model-y.png\" class=\"attachment-1200x800 size-1200x800 wp-post-image\" alt=\"\" srcset=\"https:\/\/www.evearly.news\/fr\/wp-content\/uploads\/sites\/6\/2025\/02\/mercedes-va-lancer-un-glc-electrique-pour-concurrencer-le-tesla-model-y.png 900w, https:\/\/www.evearly.news\/fr\/wp-content\/uploads\/sites\/6\/2025\/02\/mercedes-va-lancer-un-glc-electrique-pour-concurrencer-le-tesla-model-y-1.png 768w, https:\/\/cdn.automobile-propre.com\/uploads\/2025\/02\/Mercedes-GLC-620x395.png 620w\" sizes=\"auto, (max-width: 900px) 100vw, 900px\" \/><br \/>\nMercedes lancera en 2026 une nouvelle version 100 % \u00e9lectrique du GLC. La marque promet carr\u00e9ment que ce sera la r\u00e9f\u00e9rence de son segment !\u00a0<a href=https:\/\/www.automobile-propre.com\/breves\/mercedes-va-lancer-un-glc-electrique-pour-concurrencer-le-tesla-model-y\/ target='bwindow'>Lire la suite&#8230;<\/a><\/p>\n","protected":false},"excerpt":{"rendered":"<p>&#8230; <a class=\"continue-reading-link\" href=\"https:\/\/www.evearly.news\/fr\/mercedes-va-lancer-un-glc-electrique-pour-concurrencer-le-tesla-model-y\/\"><\/a><\/p>\n","protected":false},"author":8,"featured_media":297162,"comment_status":"closed","ping_status":"open","sticky":false,"template":"Default","format":"standard","meta":{"footnotes":""},"categories":[8],"tags":[],"class_list":["post-297161","post","type-post","status-publish","format-standard","has-post-thumbnail","hentry","category-automobile-propre"],"_links":{"self":[{"href":"https:\/\/www.evearly.news\/fr\/wp-json\/wp\/v2\/posts\/297161","targetHints":{"allow":["GET"]}}],"collection":[{"href":"https:\/\/www.evearly.news\/fr\/wp-json\/wp\/v2\/posts"}],"about":[{"href":"https:\/\/www.evearly.news\/fr\/wp-json\/wp\/v2\/types\/post"}],"author":[{"embeddable":true,"href":"https:\/\/www.evearly.news\/fr\/wp-json\/wp\/v2\/users\/8"}],"replies":[{"embeddable":true,"href":"https:\/\/www.evearly.news\/fr\/wp-json\/wp\/v2\/comments?post=297161"}],"version-history":[{"count":0,"href":"https:\/\/www.evearly.news\/fr\/wp-json\/wp\/v2\/posts\/297161\/revisions"}],"wp:featuredmedia":[{"embeddable":true,"href":"https:\/\/www.evearly.news\/fr\/wp-json\/wp\/v2\/media\/297162"}],"wp:attachment":[{"href":"https:\/\/www.evearly.news\/fr\/wp-json\/wp\/v2\/media?parent=297161"}],"wp:term":[{"taxonomy":"category","embeddable":true,"href":"https:\/\/www.evearly.news\/fr\/wp-json\/wp\/v2\/categories?post=297161"},{"taxonomy":"post_tag","embeddable":true,"href":"https:\/\/www.evearly.news\/fr\/wp-json\/wp\/v2\/tags?post=297161"}],"curies":[{"name":"wp","href":"https:\/\/api.w.org\/{rel}","templated":true}]}}