{"id":297829,"date":"2025-03-06T16:07:25","date_gmt":"2025-03-06T15:07:25","guid":{"rendered":"https:\/\/www.evearly.news\/fr\/la-renault-5-roland-garros-est-disponible-voici-son-prix\/"},"modified":"2025-03-06T16:07:25","modified_gmt":"2025-03-06T15:07:25","slug":"la-renault-5-roland-garros-est-disponible-voici-son-prix","status":"publish","type":"post","link":"https:\/\/www.evearly.news\/fr\/la-renault-5-roland-garros-est-disponible-voici-son-prix\/","title":{"rendered":"La Renault 5 Roland Garros est disponible, voici son prix"},"content":{"rendered":"<div class=\"media_block\"><img decoding=\"async\" src=\"https:\/\/www.evearly.news\/fr\/wp-content\/uploads\/sites\/6\/2025\/03\/la-renault-5-roland-garros-est-disponible-voici-son-prix.jpg\"><\/div>\n<p>Comme pr\u00e9vu, Renault lance sa R5 s\u00e9rie sp\u00e9ciale Roland Garros. Quatre combinaisons de teinte de carrosserie sont au programme, en plus d&rsquo;autres sp\u00e9cificit\u00e9s. Les prix d\u00e9marrent \u00e0 36 490 \u20ac. <a href=https:\/\/www.automobile-magazine.fr\/voitures-electriques\/article\/47074-la-renault-5-roland-garros-est-disponible-voici-son-prix target='bwindow'>Lire la suite&#8230;<\/a><\/p>\n","protected":false},"excerpt":{"rendered":"<div class=\"media_block\"><img decoding=\"async\" src=\"https:\/\/www.evearly.news\/fr\/wp-content\/uploads\/sites\/6\/2025\/03\/la-renault-5-roland-garros-est-disponible-voici-son-prix.jpg\"><\/div>\n<p> <a class=\"continue-reading-link\" href=\"https:\/\/www.evearly.news\/fr\/la-renault-5-roland-garros-est-disponible-voici-son-prix\/\"><\/a><\/p>\n","protected":false},"author":7,"featured_media":297830,"comment_status":"closed","ping_status":"open","sticky":false,"template":"Default","format":"standard","meta":{"footnotes":""},"categories":[7],"tags":[],"class_list":["post-297829","post","type-post","status-publish","format-standard","has-post-thumbnail","hentry","category-automobile-magazine"],"_links":{"self":[{"href":"https:\/\/www.evearly.news\/fr\/wp-json\/wp\/v2\/posts\/297829","targetHints":{"allow":["GET"]}}],"collection":[{"href":"https:\/\/www.evearly.news\/fr\/wp-json\/wp\/v2\/posts"}],"about":[{"href":"https:\/\/www.evearly.news\/fr\/wp-json\/wp\/v2\/types\/post"}],"author":[{"embeddable":true,"href":"https:\/\/www.evearly.news\/fr\/wp-json\/wp\/v2\/users\/7"}],"replies":[{"embeddable":true,"href":"https:\/\/www.evearly.news\/fr\/wp-json\/wp\/v2\/comments?post=297829"}],"version-history":[{"count":0,"href":"https:\/\/www.evearly.news\/fr\/wp-json\/wp\/v2\/posts\/297829\/revisions"}],"wp:featuredmedia":[{"embeddable":true,"href":"https:\/\/www.evearly.news\/fr\/wp-json\/wp\/v2\/media\/297830"}],"wp:attachment":[{"href":"https:\/\/www.evearly.news\/fr\/wp-json\/wp\/v2\/media?parent=297829"}],"wp:term":[{"taxonomy":"category","embeddable":true,"href":"https:\/\/www.evearly.news\/fr\/wp-json\/wp\/v2\/categories?post=297829"},{"taxonomy":"post_tag","embeddable":true,"href":"https:\/\/www.evearly.news\/fr\/wp-json\/wp\/v2\/tags?post=297829"}],"curies":[{"name":"wp","href":"https:\/\/api.w.org\/{rel}","templated":true}]}}