{"id":297831,"date":"2025-03-06T16:08:05","date_gmt":"2025-03-06T15:08:05","guid":{"rendered":"https:\/\/www.evearly.news\/fr\/volkswagen-id-every1-lelectrique-pas-chere-de-volkswagen-se-precise\/"},"modified":"2025-03-06T16:08:05","modified_gmt":"2025-03-06T15:08:05","slug":"volkswagen-id-every1-lelectrique-pas-chere-de-volkswagen-se-precise","status":"publish","type":"post","link":"https:\/\/www.evearly.news\/fr\/volkswagen-id-every1-lelectrique-pas-chere-de-volkswagen-se-precise\/","title":{"rendered":"Volkswagen ID.Every1 : l&rsquo;\u00e9lectrique pas ch\u00e8re de Volkswagen se pr\u00e9cise"},"content":{"rendered":"<div class=\"media_block\"><img decoding=\"async\" src=\"https:\/\/www.evearly.news\/fr\/wp-content\/uploads\/sites\/6\/2025\/03\/volkswagen-id-every1-lelectrique-pas-chere-de-volkswagen-se-precise.jpg\"><\/div>\n<p>Apr\u00e8s l\u2019ID.2all en 2023, qui donnera naissance \u00e0 l\u2019ID.2 de s\u00e9rie en 2026, voici le concept ID.Every1, qui sera la matrice de l\u2019ID.1 en 2027. La premi\u00e8re ciblant la R5 avec un prix de base de 25 000 \u20ac, la seconde, la Twingo \u00e0 moins de 20 000 \u20ac. <a href=https:\/\/www.automobile-magazine.fr\/voitures-electriques\/article\/47056-volkswagen-idevery1-lelectrique-pas-chere-de-volkswagen-se-precise target='bwindow'>Lire la suite&#8230;<\/a><\/p>\n","protected":false},"excerpt":{"rendered":"<div class=\"media_block\"><img decoding=\"async\" src=\"https:\/\/www.evearly.news\/fr\/wp-content\/uploads\/sites\/6\/2025\/03\/volkswagen-id-every1-lelectrique-pas-chere-de-volkswagen-se-precise.jpg\"><\/div>\n<p> <a class=\"continue-reading-link\" href=\"https:\/\/www.evearly.news\/fr\/volkswagen-id-every1-lelectrique-pas-chere-de-volkswagen-se-precise\/\"><\/a><\/p>\n","protected":false},"author":7,"featured_media":297832,"comment_status":"closed","ping_status":"open","sticky":false,"template":"Default","format":"standard","meta":{"footnotes":""},"categories":[7],"tags":[],"class_list":["post-297831","post","type-post","status-publish","format-standard","has-post-thumbnail","hentry","category-automobile-magazine"],"_links":{"self":[{"href":"https:\/\/www.evearly.news\/fr\/wp-json\/wp\/v2\/posts\/297831","targetHints":{"allow":["GET"]}}],"collection":[{"href":"https:\/\/www.evearly.news\/fr\/wp-json\/wp\/v2\/posts"}],"about":[{"href":"https:\/\/www.evearly.news\/fr\/wp-json\/wp\/v2\/types\/post"}],"author":[{"embeddable":true,"href":"https:\/\/www.evearly.news\/fr\/wp-json\/wp\/v2\/users\/7"}],"replies":[{"embeddable":true,"href":"https:\/\/www.evearly.news\/fr\/wp-json\/wp\/v2\/comments?post=297831"}],"version-history":[{"count":0,"href":"https:\/\/www.evearly.news\/fr\/wp-json\/wp\/v2\/posts\/297831\/revisions"}],"wp:featuredmedia":[{"embeddable":true,"href":"https:\/\/www.evearly.news\/fr\/wp-json\/wp\/v2\/media\/297832"}],"wp:attachment":[{"href":"https:\/\/www.evearly.news\/fr\/wp-json\/wp\/v2\/media?parent=297831"}],"wp:term":[{"taxonomy":"category","embeddable":true,"href":"https:\/\/www.evearly.news\/fr\/wp-json\/wp\/v2\/categories?post=297831"},{"taxonomy":"post_tag","embeddable":true,"href":"https:\/\/www.evearly.news\/fr\/wp-json\/wp\/v2\/tags?post=297831"}],"curies":[{"name":"wp","href":"https:\/\/api.w.org\/{rel}","templated":true}]}}