{"id":297833,"date":"2025-03-06T16:08:46","date_gmt":"2025-03-06T15:08:46","guid":{"rendered":"https:\/\/www.evearly.news\/fr\/nouvelle-renault-4-electrique-prix-photos-et-equipement-de-la-version-la-moins-chere\/"},"modified":"2025-03-06T16:08:46","modified_gmt":"2025-03-06T15:08:46","slug":"nouvelle-renault-4-electrique-prix-photos-et-equipement-de-la-version-la-moins-chere","status":"publish","type":"post","link":"https:\/\/www.evearly.news\/fr\/nouvelle-renault-4-electrique-prix-photos-et-equipement-de-la-version-la-moins-chere\/","title":{"rendered":"Nouvelle Renault 4 \u00e9lectrique : prix, photos et \u00e9quipement de la version la moins ch\u00e8re"},"content":{"rendered":"<div class=\"media_block\"><img decoding=\"async\" src=\"https:\/\/www.evearly.news\/fr\/wp-content\/uploads\/sites\/6\/2025\/03\/nouvelle-renault-4-electrique-prix-photos-et-equipement-de-la-version-la-moins-chere.jpg\"><\/div>\n<p>Disponible \u00e0 la commande depuis deux jours, la nouvelle Renault 4 \u00e9lectrique d\u00e9bute \u00e0 29 990 \u20ac avant aide d\u2019Etat. Portrait de la version d\u2019entr\u00e9e de gamme. <a href=https:\/\/www.automobile-magazine.fr\/voitures-electriques\/article\/47071-nouvelle-renault-4-electrique-prix-photos-et-equipement-de-la-version-la-moins-chere target='bwindow'>Lire la suite&#8230;<\/a><\/p>\n","protected":false},"excerpt":{"rendered":"<div class=\"media_block\"><img decoding=\"async\" src=\"https:\/\/www.evearly.news\/fr\/wp-content\/uploads\/sites\/6\/2025\/03\/nouvelle-renault-4-electrique-prix-photos-et-equipement-de-la-version-la-moins-chere.jpg\"><\/div>\n<p> <a class=\"continue-reading-link\" href=\"https:\/\/www.evearly.news\/fr\/nouvelle-renault-4-electrique-prix-photos-et-equipement-de-la-version-la-moins-chere\/\"><\/a><\/p>\n","protected":false},"author":7,"featured_media":297834,"comment_status":"closed","ping_status":"open","sticky":false,"template":"Default","format":"standard","meta":{"footnotes":""},"categories":[7],"tags":[],"class_list":["post-297833","post","type-post","status-publish","format-standard","has-post-thumbnail","hentry","category-automobile-magazine"],"_links":{"self":[{"href":"https:\/\/www.evearly.news\/fr\/wp-json\/wp\/v2\/posts\/297833","targetHints":{"allow":["GET"]}}],"collection":[{"href":"https:\/\/www.evearly.news\/fr\/wp-json\/wp\/v2\/posts"}],"about":[{"href":"https:\/\/www.evearly.news\/fr\/wp-json\/wp\/v2\/types\/post"}],"author":[{"embeddable":true,"href":"https:\/\/www.evearly.news\/fr\/wp-json\/wp\/v2\/users\/7"}],"replies":[{"embeddable":true,"href":"https:\/\/www.evearly.news\/fr\/wp-json\/wp\/v2\/comments?post=297833"}],"version-history":[{"count":0,"href":"https:\/\/www.evearly.news\/fr\/wp-json\/wp\/v2\/posts\/297833\/revisions"}],"wp:featuredmedia":[{"embeddable":true,"href":"https:\/\/www.evearly.news\/fr\/wp-json\/wp\/v2\/media\/297834"}],"wp:attachment":[{"href":"https:\/\/www.evearly.news\/fr\/wp-json\/wp\/v2\/media?parent=297833"}],"wp:term":[{"taxonomy":"category","embeddable":true,"href":"https:\/\/www.evearly.news\/fr\/wp-json\/wp\/v2\/categories?post=297833"},{"taxonomy":"post_tag","embeddable":true,"href":"https:\/\/www.evearly.news\/fr\/wp-json\/wp\/v2\/tags?post=297833"}],"curies":[{"name":"wp","href":"https:\/\/api.w.org\/{rel}","templated":true}]}}