{"id":297835,"date":"2025-03-06T16:09:30","date_gmt":"2025-03-06T15:09:30","guid":{"rendered":"https:\/\/www.evearly.news\/fr\/les-xiaomi-pourraient-arriver-en-france-plus-vite-que-prevu\/"},"modified":"2025-03-06T16:09:30","modified_gmt":"2025-03-06T15:09:30","slug":"les-xiaomi-pourraient-arriver-en-france-plus-vite-que-prevu","status":"publish","type":"post","link":"https:\/\/www.evearly.news\/fr\/les-xiaomi-pourraient-arriver-en-france-plus-vite-que-prevu\/","title":{"rendered":"Les Xiaomi pourraient arriver en France plus vite que pr\u00e9vu"},"content":{"rendered":"<div class=\"media_block\"><img decoding=\"async\" src=\"https:\/\/www.evearly.news\/fr\/wp-content\/uploads\/sites\/6\/2025\/03\/les-xiaomi-pourraient-arriver-en-france-plus-vite-que-prevu.jpg\"><\/div>\n<p>Le constructeur chinois Xiaomi commencerait-il d\u00e9j\u00e0 \u00e0 se sentir trop \u00e0 l&rsquo;\u00e9troit en Chine ? Le PDG annonce que Xiaomi visera l&rsquo;international plus vite que pr\u00e9vu. Et si l&rsquo;Europe n&rsquo;est pas encore confirm\u00e9e, ce ne devrait \u00eatre qu&rsquo;une question de temps. <a href=https:\/\/www.automobile-magazine.fr\/voitures-electriques\/article\/47067-les-xiaomi-pourraient-arriver-en-france-plus-vite-que-prevu target='bwindow'>Lire la suite&#8230;<\/a><\/p>\n","protected":false},"excerpt":{"rendered":"<div class=\"media_block\"><img decoding=\"async\" src=\"https:\/\/www.evearly.news\/fr\/wp-content\/uploads\/sites\/6\/2025\/03\/les-xiaomi-pourraient-arriver-en-france-plus-vite-que-prevu.jpg\"><\/div>\n<p> <a class=\"continue-reading-link\" href=\"https:\/\/www.evearly.news\/fr\/les-xiaomi-pourraient-arriver-en-france-plus-vite-que-prevu\/\"><\/a><\/p>\n","protected":false},"author":7,"featured_media":297836,"comment_status":"closed","ping_status":"open","sticky":false,"template":"Default","format":"standard","meta":{"footnotes":""},"categories":[7],"tags":[],"class_list":["post-297835","post","type-post","status-publish","format-standard","has-post-thumbnail","hentry","category-automobile-magazine"],"_links":{"self":[{"href":"https:\/\/www.evearly.news\/fr\/wp-json\/wp\/v2\/posts\/297835","targetHints":{"allow":["GET"]}}],"collection":[{"href":"https:\/\/www.evearly.news\/fr\/wp-json\/wp\/v2\/posts"}],"about":[{"href":"https:\/\/www.evearly.news\/fr\/wp-json\/wp\/v2\/types\/post"}],"author":[{"embeddable":true,"href":"https:\/\/www.evearly.news\/fr\/wp-json\/wp\/v2\/users\/7"}],"replies":[{"embeddable":true,"href":"https:\/\/www.evearly.news\/fr\/wp-json\/wp\/v2\/comments?post=297835"}],"version-history":[{"count":0,"href":"https:\/\/www.evearly.news\/fr\/wp-json\/wp\/v2\/posts\/297835\/revisions"}],"wp:featuredmedia":[{"embeddable":true,"href":"https:\/\/www.evearly.news\/fr\/wp-json\/wp\/v2\/media\/297836"}],"wp:attachment":[{"href":"https:\/\/www.evearly.news\/fr\/wp-json\/wp\/v2\/media?parent=297835"}],"wp:term":[{"taxonomy":"category","embeddable":true,"href":"https:\/\/www.evearly.news\/fr\/wp-json\/wp\/v2\/categories?post=297835"},{"taxonomy":"post_tag","embeddable":true,"href":"https:\/\/www.evearly.news\/fr\/wp-json\/wp\/v2\/tags?post=297835"}],"curies":[{"name":"wp","href":"https:\/\/api.w.org\/{rel}","templated":true}]}}