{"id":297847,"date":"2025-03-06T16:17:49","date_gmt":"2025-03-06T15:17:49","guid":{"rendered":"https:\/\/www.evearly.news\/fr\/niu-roule-sur-les-plates-bandes-de-lami-avec-cette-mini-voiture-electrique\/"},"modified":"2025-03-06T16:17:49","modified_gmt":"2025-03-06T15:17:49","slug":"niu-roule-sur-les-plates-bandes-de-lami-avec-cette-mini-voiture-electrique","status":"publish","type":"post","link":"https:\/\/www.evearly.news\/fr\/niu-roule-sur-les-plates-bandes-de-lami-avec-cette-mini-voiture-electrique\/","title":{"rendered":"Niu roule sur les plates-bandes de l\u2019AMI avec cette mini voiture \u00e9lectrique"},"content":{"rendered":"<p><img width=\"1500\" height=\"1000\" src=\"https:\/\/www.evearly.news\/fr\/wp-content\/uploads\/sites\/6\/2025\/03\/niu-roule-sur-les-plates-bandes-de-lami-avec-cette-mini-voiture-electrique.jpg\" class=\"attachment-full size-full wp-post-image\" alt=\"Nium 500 Bis\" decoding=\"async\" loading=\"lazy\" srcset=\"https:\/\/www.evearly.news\/fr\/wp-content\/uploads\/sites\/6\/2025\/03\/niu-roule-sur-les-plates-bandes-de-lami-avec-cette-mini-voiture-electrique.jpg 1500w, https:\/\/www.evearly.news\/fr\/wp-content\/uploads\/sites\/6\/2025\/03\/niu-roule-sur-les-plates-bandes-de-lami-avec-cette-mini-voiture-electrique-1.jpg 504w, https:\/\/www.evearly.news\/fr\/wp-content\/uploads\/sites\/6\/2025\/03\/niu-roule-sur-les-plates-bandes-de-lami-avec-cette-mini-voiture-electrique-2.jpg 1024w, https:\/\/www.evearly.news\/fr\/wp-content\/uploads\/sites\/6\/2025\/03\/niu-roule-sur-les-plates-bandes-de-lami-avec-cette-mini-voiture-electrique-3.jpg 50w, https:\/\/www.evearly.news\/fr\/wp-content\/uploads\/sites\/6\/2025\/03\/niu-roule-sur-les-plates-bandes-de-lami-avec-cette-mini-voiture-electrique-4.jpg 336w, https:\/\/www.evearly.news\/fr\/wp-content\/uploads\/sites\/6\/2025\/03\/niu-roule-sur-les-plates-bandes-de-lami-avec-cette-mini-voiture-electrique-5.jpg 1400w, https:\/\/www.evearly.news\/fr\/wp-content\/uploads\/sites\/6\/2025\/03\/niu-roule-sur-les-plates-bandes-de-lami-avec-cette-mini-voiture-electrique-6.jpg 680w, https:\/\/www.presse-citron.net\/app\/uploads\/2025\/03\/Nium-500-bis-896x597.jpg 896w\" sizes=\"auto, (max-width: 1500px) 100vw, 1500px\"><\/p>\n<p>Le sp\u00e9cialiste des trottinettes\/v\u00e9los\/scooters \u00e9lectriques Niu d\u00e9voile sa NIUMM 500, une microcar \u00e9lectrique fa\u00e7on Citro\u00ebn AMI.<a href=\"https:\/\/www.presse-citron.net\/niu-roule-sur-les-plates-bandes-de-lami-avec-cette-mini-voiture-electrique\/\" target=blank> Lire la suite&#8230;<\/a><\/p>\n","protected":false},"excerpt":{"rendered":"<p>Le sp\u00e9cialiste des trottinettes\/v\u00e9los\/scooters \u00e9lectriques Niu d\u00e9voile sa NIUMM 500, une microcar \u00e9lectrique fa\u00e7on Citro\u00ebn AMI&#8230;. <a class=\"continue-reading-link\" href=\"https:\/\/www.evearly.news\/fr\/niu-roule-sur-les-plates-bandes-de-lami-avec-cette-mini-voiture-electrique\/\"><\/a><\/p>\n","protected":false},"author":18,"featured_media":297848,"comment_status":"closed","ping_status":"open","sticky":false,"template":"Default","format":"standard","meta":{"footnotes":""},"categories":[19],"tags":[],"class_list":["post-297847","post","type-post","status-publish","format-standard","has-post-thumbnail","hentry","category-presse-citron"],"_links":{"self":[{"href":"https:\/\/www.evearly.news\/fr\/wp-json\/wp\/v2\/posts\/297847","targetHints":{"allow":["GET"]}}],"collection":[{"href":"https:\/\/www.evearly.news\/fr\/wp-json\/wp\/v2\/posts"}],"about":[{"href":"https:\/\/www.evearly.news\/fr\/wp-json\/wp\/v2\/types\/post"}],"author":[{"embeddable":true,"href":"https:\/\/www.evearly.news\/fr\/wp-json\/wp\/v2\/users\/18"}],"replies":[{"embeddable":true,"href":"https:\/\/www.evearly.news\/fr\/wp-json\/wp\/v2\/comments?post=297847"}],"version-history":[{"count":0,"href":"https:\/\/www.evearly.news\/fr\/wp-json\/wp\/v2\/posts\/297847\/revisions"}],"wp:featuredmedia":[{"embeddable":true,"href":"https:\/\/www.evearly.news\/fr\/wp-json\/wp\/v2\/media\/297848"}],"wp:attachment":[{"href":"https:\/\/www.evearly.news\/fr\/wp-json\/wp\/v2\/media?parent=297847"}],"wp:term":[{"taxonomy":"category","embeddable":true,"href":"https:\/\/www.evearly.news\/fr\/wp-json\/wp\/v2\/categories?post=297847"},{"taxonomy":"post_tag","embeddable":true,"href":"https:\/\/www.evearly.news\/fr\/wp-json\/wp\/v2\/tags?post=297847"}],"curies":[{"name":"wp","href":"https:\/\/api.w.org\/{rel}","templated":true}]}}