{"id":297849,"date":"2025-03-06T16:18:27","date_gmt":"2025-03-06T15:18:27","guid":{"rendered":"https:\/\/www.evearly.news\/fr\/renault-4-e-tech-voici-les-prix-du-nouveau-petit-suv-electrique-2\/"},"modified":"2025-03-06T16:18:27","modified_gmt":"2025-03-06T15:18:27","slug":"renault-4-e-tech-voici-les-prix-du-nouveau-petit-suv-electrique-2","status":"publish","type":"post","link":"https:\/\/www.evearly.news\/fr\/renault-4-e-tech-voici-les-prix-du-nouveau-petit-suv-electrique-2\/","title":{"rendered":"Renault 4 E-Tech\u00a0: voici les prix du nouveau petit SUV \u00e9lectrique"},"content":{"rendered":"<p><img width=\"1500\" height=\"1000\" src=\"https:\/\/www.evearly.news\/fr\/wp-content\/uploads\/sites\/6\/2025\/03\/renault-4-e-tech-voici-les-prix-du-nouveau-petit-suv-electrique-7.jpg\" class=\"attachment-full size-full wp-post-image\" alt=\"Renault 4 Etech (1)\" decoding=\"async\" loading=\"lazy\" srcset=\"https:\/\/www.evearly.news\/fr\/wp-content\/uploads\/sites\/6\/2025\/03\/renault-4-e-tech-voici-les-prix-du-nouveau-petit-suv-electrique-7.jpg 1500w, https:\/\/www.evearly.news\/fr\/wp-content\/uploads\/sites\/6\/2025\/03\/renault-4-e-tech-voici-les-prix-du-nouveau-petit-suv-electrique-8.jpg 504w, https:\/\/www.evearly.news\/fr\/wp-content\/uploads\/sites\/6\/2025\/03\/renault-4-e-tech-voici-les-prix-du-nouveau-petit-suv-electrique-9.jpg 1024w, https:\/\/www.evearly.news\/fr\/wp-content\/uploads\/sites\/6\/2025\/03\/renault-4-e-tech-voici-les-prix-du-nouveau-petit-suv-electrique-10.jpg 50w, https:\/\/www.evearly.news\/fr\/wp-content\/uploads\/sites\/6\/2025\/03\/renault-4-e-tech-voici-les-prix-du-nouveau-petit-suv-electrique-11.jpg 336w, https:\/\/www.evearly.news\/fr\/wp-content\/uploads\/sites\/6\/2025\/03\/renault-4-e-tech-voici-les-prix-du-nouveau-petit-suv-electrique-12.jpg 1400w, https:\/\/www.evearly.news\/fr\/wp-content\/uploads\/sites\/6\/2025\/03\/renault-4-e-tech-voici-les-prix-du-nouveau-petit-suv-electrique-13.jpg 680w, https:\/\/www.presse-citron.net\/app\/uploads\/2025\/03\/renault-4-etech-1-896x597.jpg 896w\" sizes=\"auto, (max-width: 1500px) 100vw, 1500px\"><\/p>\n<p>Vous avez failli craquer pour la R5 \u00e9lectrique ? Vous risquez de flancher \u00e0 nouveau pour cet autre mythe \u00e0 quatre roues sign\u00e9 Renault qui fera bient\u00f4t son grand retour en version \u00e9lectrique : la 4L.<a href=\"https:\/\/www.presse-citron.net\/renault-4-e-tech-voici-les-prix-du-nouveau-petit-suv-electrique\/\" target=blank> Lire la suite&#8230;<\/a><\/p>\n","protected":false},"excerpt":{"rendered":"<p>Vous avez failli craquer pour la R5 \u00e9lectrique ? Vous risquez de flancher \u00e0 nouveau pour cet autre mythe \u00e0 quatre roues sign\u00e9 Renault qui fera bient\u00f4t son grand retour en version \u00e9lectrique : la 4L&#8230;. <a class=\"continue-reading-link\" href=\"https:\/\/www.evearly.news\/fr\/renault-4-e-tech-voici-les-prix-du-nouveau-petit-suv-electrique-2\/\"><\/a><\/p>\n","protected":false},"author":18,"featured_media":297850,"comment_status":"closed","ping_status":"open","sticky":false,"template":"Default","format":"standard","meta":{"footnotes":""},"categories":[19],"tags":[],"class_list":["post-297849","post","type-post","status-publish","format-standard","has-post-thumbnail","hentry","category-presse-citron"],"_links":{"self":[{"href":"https:\/\/www.evearly.news\/fr\/wp-json\/wp\/v2\/posts\/297849","targetHints":{"allow":["GET"]}}],"collection":[{"href":"https:\/\/www.evearly.news\/fr\/wp-json\/wp\/v2\/posts"}],"about":[{"href":"https:\/\/www.evearly.news\/fr\/wp-json\/wp\/v2\/types\/post"}],"author":[{"embeddable":true,"href":"https:\/\/www.evearly.news\/fr\/wp-json\/wp\/v2\/users\/18"}],"replies":[{"embeddable":true,"href":"https:\/\/www.evearly.news\/fr\/wp-json\/wp\/v2\/comments?post=297849"}],"version-history":[{"count":0,"href":"https:\/\/www.evearly.news\/fr\/wp-json\/wp\/v2\/posts\/297849\/revisions"}],"wp:featuredmedia":[{"embeddable":true,"href":"https:\/\/www.evearly.news\/fr\/wp-json\/wp\/v2\/media\/297850"}],"wp:attachment":[{"href":"https:\/\/www.evearly.news\/fr\/wp-json\/wp\/v2\/media?parent=297849"}],"wp:term":[{"taxonomy":"category","embeddable":true,"href":"https:\/\/www.evearly.news\/fr\/wp-json\/wp\/v2\/categories?post=297849"},{"taxonomy":"post_tag","embeddable":true,"href":"https:\/\/www.evearly.news\/fr\/wp-json\/wp\/v2\/tags?post=297849"}],"curies":[{"name":"wp","href":"https:\/\/api.w.org\/{rel}","templated":true}]}}